{"id":133164,"date":"2022-06-30T09:15:22","date_gmt":"2022-06-30T12:15:22","guid":{"rendered":"https:\/\/senoticias.com.br\/se\/?p=133164"},"modified":"2022-07-04T15:27:38","modified_gmt":"2022-07-04T18:27:38","slug":"termo-de-cooperacao-tecnica-entre-jucese-e-ocese-oferece-cursos-profissionalizantes-para-profissionais-de-contabilidade","status":"publish","type":"post","link":"https:\/\/senoticias.com.br\/se\/termo-de-cooperacao-tecnica-entre-jucese-e-ocese-oferece-cursos-profissionalizantes-para-profissionais-de-contabilidade\/","title":{"rendered":"Termo de coopera\u00e7\u00e3o t\u00e9cnica entre Jucese e Ocese oferece cursos profissionalizantes para profissionais de contabilidade"},"content":{"rendered":"\n<p><strong><em>Informe Publicit\u00e1rio<\/em><\/strong><\/p>\n\n\n\n<p>Atrav\u00e9s de um termo de coopera\u00e7\u00e3o t\u00e9cnica firmado entre a Jucese (Junta Comercial de Sergipe) e a Ocese (Organiza\u00e7\u00e3o das Cooperativas de Sergipe), que visa o fornecimento de recursos humanos especializados para prestar aux\u00edlio, consultoria e treinamento ao registro empresarial referentes a abertura, arquivamento, altera\u00e7\u00e3o, baixas e demais registros de cooperativas de Sergipe, os profissionais de Contabilidade ser\u00e3o contemplados com cursos profissionalizantes gratuitos.<\/p>\n\n\n\n<figure class=\"wp-block-image size-large\"><img loading=\"lazy\" decoding=\"async\" width=\"530\" height=\"384\" src=\"https:\/\/senoticias.com.br\/se\/wp-content\/uploads\/2022\/06\/Conceito-30062022.jpg\" alt=\"\" class=\"wp-image-133171\" srcset=\"https:\/\/senoticias.com.br\/se\/wp-content\/uploads\/2022\/06\/Conceito-30062022.jpg 530w, https:\/\/senoticias.com.br\/se\/wp-content\/uploads\/2022\/06\/Conceito-30062022-300x217.jpg 300w, https:\/\/senoticias.com.br\/se\/wp-content\/uploads\/2022\/06\/Conceito-30062022-278x202.jpg 278w, https:\/\/senoticias.com.br\/se\/wp-content\/uploads\/2022\/06\/Conceito-30062022-373x270.jpg 373w\" sizes=\"(max-width: 530px) 100vw, 530px\" \/><figcaption>Jucese e Ocese oferece cursos profissionalizantes para profissionais de contabilidade &#8211; Foto: ascom\/Jucesse<\/figcaption><\/figure>\n\n\n\n<p>Vale ressaltar que o Sescoop (Servi\u00e7o Nacional de Aprendizagem do Cooperativimo) foi credenciado pelos Conselhos Federal e Regionais de Contabilidade &#8211; CFC e CRC. Isso significa que alguns dos cursos oferecidos pela plataforma CapacitaCoop podem ser pontuados no Programa de Educa\u00e7\u00e3o Profissional Continuada &#8211; PEPC.<\/p>\n\n\n\n<p>Todos os cursos tem como foco as especificidades do cooperativismo. Al\u00e9m de agregar conhecimentos atrav\u00e9s de todo o aprendizado, a grande vantagem para estes profissionais \u00e9 saber que podem contar com pontos para o PEPC. Nos cursos chegar\u00e3o a cumprir os 40 pontos necess\u00e1rios para o Programa.<\/p>\n\n\n\n<p>Dentre as especializa\u00e7\u00f5es dispon\u00edveis est\u00e3o: Governan\u00e7a Cooperativa &#8211; Princ\u00edpios e Boas Pr\u00e1ticas; Tributa\u00e7\u00e3o de Cooperativas para Dirigentes; Tributa\u00e7\u00e3o de Cooperativas para Contadores; Contabilidade de Cooperativas para Dirigentes; Contabilidade de Cooperativas para Contadores.<\/p>\n\n\n\n<p>Interessados nos cursos podem clicar no seguinte endere\u00e7o eletr\u00f4nico para a realiza\u00e7\u00e3o do cadastro: https:\/\/www.capacita.coop.br\/sescoop\/subscribe\/login<\/p>\n\n\n\n<p><strong><em>Acompanhe tamb\u00e9m o SE Not\u00edcias no&nbsp;<a rel=\"noreferrer noopener\" href=\"https:\/\/twitter.com\/Senoticias\" target=\"_blank\">Twitter<\/a>,&nbsp;<a rel=\"noreferrer noopener\" href=\"https:\/\/www.facebook.com\/senoticias1\" target=\"_blank\">Facebook<\/a>&nbsp;e no&nbsp;<a rel=\"noreferrer noopener\" href=\"https:\/\/www.instagram.com\/senoticias\/\" target=\"_blank\">Instagram<\/a><\/em><\/strong><\/p>\n\n\n\n<p><strong>Fonte: Jucese<\/strong><\/p>\n","protected":false},"excerpt":{"rendered":"<p>Informe Publicit\u00e1rio Atrav\u00e9s de um termo de coopera\u00e7\u00e3o t\u00e9cnica firmado entre a Jucese (Junta Comercial de Sergipe) e a Ocese (Organiza\u00e7\u00e3o das Cooperativas de Sergipe), que visa o fornecimento de recursos humanos especializados para prestar aux\u00edlio, consultoria e treinamento ao registro empresarial referentes a abertura, arquivamento, altera\u00e7\u00e3o, baixas e demais registros de cooperativas de Sergipe, [&hellip;]<\/p>\n","protected":false},"author":6557,"featured_media":0,"comment_status":"closed","ping_status":"closed","sticky":false,"template":"","format":"standard","meta":{"footnotes":""},"categories":[15,38,1],"tags":[13027,477,36854,36855,36856],"class_list":{"0":"post-133164","1":"post","2":"type-post","3":"status-publish","4":"format-standard","6":"category-destaques","7":"category-municipios","8":"category-sem-categoria","9":"tag-cursos-profissionalizantes","10":"tag-jucese","11":"tag-ocese","12":"tag-profissionais-de-contabilidade","13":"tag-termo-de-cooperacao-tecnica"},"_links":{"self":[{"href":"https:\/\/senoticias.com.br\/se\/wp-json\/wp\/v2\/posts\/133164"}],"collection":[{"href":"https:\/\/senoticias.com.br\/se\/wp-json\/wp\/v2\/posts"}],"about":[{"href":"https:\/\/senoticias.com.br\/se\/wp-json\/wp\/v2\/types\/post"}],"author":[{"embeddable":true,"href":"https:\/\/senoticias.com.br\/se\/wp-json\/wp\/v2\/users\/6557"}],"replies":[{"embeddable":true,"href":"https:\/\/senoticias.com.br\/se\/wp-json\/wp\/v2\/comments?post=133164"}],"version-history":[{"count":0,"href":"https:\/\/senoticias.com.br\/se\/wp-json\/wp\/v2\/posts\/133164\/revisions"}],"wp:attachment":[{"href":"https:\/\/senoticias.com.br\/se\/wp-json\/wp\/v2\/media?parent=133164"}],"wp:term":[{"taxonomy":"category","embeddable":true,"href":"https:\/\/senoticias.com.br\/se\/wp-json\/wp\/v2\/categories?post=133164"},{"taxonomy":"post_tag","embeddable":true,"href":"https:\/\/senoticias.com.br\/se\/wp-json\/wp\/v2\/tags?post=133164"}],"curies":[{"name":"wp","href":"https:\/\/api.w.org\/{rel}","templated":true}]}}