{"id":133132,"date":"2022-06-27T20:53:04","date_gmt":"2022-06-27T23:53:04","guid":{"rendered":"https:\/\/senoticias.com.br\/se\/?p=133132"},"modified":"2022-06-27T20:53:09","modified_gmt":"2022-06-27T23:53:09","slug":"44-atracoes-ja-se-apresentaram-em-quatro-dias-de-forro-caju","status":"publish","type":"post","link":"https:\/\/senoticias.com.br\/se\/44-atracoes-ja-se-apresentaram-em-quatro-dias-de-forro-caju\/","title":{"rendered":"44 atra\u00e7\u00f5es j\u00e1 se apresentaram em quatro dias de Forr\u00f3 Caju"},"content":{"rendered":"\n<p><\/p>\n\n\n\n<p>Com uma m\u00e9dia de 11 atra\u00e7\u00f5es por noite, o Forr\u00f3 Caju 2022 est\u00e1 levando muito forr\u00f3 e anima\u00e7\u00e3o para aracajuanos e turistas que comparecem \u00e0 pra\u00e7a de eventos Hilton Lopes. Desde o in\u00edcio da festa, na v\u00e9spera de S\u00e3o Jo\u00e3o (23), at\u00e9 o \u00faltimo domingo (26), j\u00e1 se apresentaram 44 atra\u00e7\u00f5es nos palcos Gerson Filho e Luiz Gonzaga.<\/p>\n\n\n\n<figure class=\"wp-block-image size-large\"><img loading=\"lazy\" decoding=\"async\" width=\"591\" height=\"392\" src=\"https:\/\/senoticias.com.br\/se\/wp-content\/uploads\/2022\/06\/Forro-Caju-SE-Noticias.jpg\" alt=\"\" class=\"wp-image-133133\" srcset=\"https:\/\/senoticias.com.br\/se\/wp-content\/uploads\/2022\/06\/Forro-Caju-SE-Noticias.jpg 591w, https:\/\/senoticias.com.br\/se\/wp-content\/uploads\/2022\/06\/Forro-Caju-SE-Noticias-300x199.jpg 300w, https:\/\/senoticias.com.br\/se\/wp-content\/uploads\/2022\/06\/Forro-Caju-SE-Noticias-90x60.jpg 90w, https:\/\/senoticias.com.br\/se\/wp-content\/uploads\/2022\/06\/Forro-Caju-SE-Noticias-180x120.jpg 180w, https:\/\/senoticias.com.br\/se\/wp-content\/uploads\/2022\/06\/Forro-Caju-SE-Noticias-95x64.jpg 95w\" sizes=\"(max-width: 591px) 100vw, 591px\" \/><figcaption>Programa\u00e7\u00e3o do Forr\u00f3 Caju continuar\u00e1 nesta ter\u00e7a-feira, 28 &#8211; Foto: Andr\u00e9 Moreira\/AAN<\/figcaption><\/figure>\n\n\n\n<p>Com uma programa\u00e7\u00e3o que ressalta a diversidade da cultura nordestina, o p\u00fablico tem se divertido com quadrilhas juninas, trios p\u00e9s de serra, bandas locais e artistas de renome nacional, fazendo uma festa segura, acess\u00edvel e democr\u00e1tica.<\/p>\n\n\n\n<p>\u201cA cada dia aumenta o n\u00famero de pessoas que v\u00eam para a pra\u00e7a Hilton Lopes se divertir, dan\u00e7ar, viver os festejos juninos. Forr\u00f3 Caju \u00e9 alegria, \u00e9 amor, \u00e9 confraterniza\u00e7\u00e3o, \u00e9 cultura e, mais do que isso, \u00e9 gera\u00e7\u00e3o de emprego e renda para a nossa cidade e nosso estado. At\u00e9 o dia 29, Aracaju ser\u00e1 a capital do forr\u00f3\u201d, expressa o prefeito Edvaldo Nogueira.<\/p>\n\n\n\n<p><strong>Seguran\u00e7a efetiva<\/strong><\/p>\n\n\n\n<p>Para garantir a seguran\u00e7a dos forrozeiros, a Prefeitura de Aracaju, atrav\u00e9s das diversas secretarias, dos \u00f3rg\u00e3os municipais e das entidades parceiras, tem colocado em pr\u00e1tica um detalhado esquema de vigil\u00e2ncia e monitoramento, tanto das \u00e1reas internas quanto adjacentes \u00e0 pra\u00e7a entre os mercados.<\/p>\n\n\n\n<p>Todas as noites, a Guarda Municipal de Aracaju (GMA) realiza patrulhamentos preventivos, observa\u00e7\u00e3o estrat\u00e9gica nos postos elevados, fiscaliza\u00e7\u00e3o com c\u00e3es e o monitoramento, em tempo real, das imagens captadas por 46 c\u00e2meras, sendo seis delas com tecnologia de reconhecimento facial.<\/p>\n\n\n\n<p>Al\u00e9m da GMA, atuam no esquema integrado de seguran\u00e7a brigadistas, agentes da Defesa Civil, do Corpo de Bombeiros, da Pol\u00edcia Militar e da Pol\u00edcia Civil, que atuam na delegacia itinerante para registrar poss\u00edveis ocorr\u00eancias. Al\u00e9m disso, 160 seguran\u00e7as privados desarmados fazem o monitoramento do local.<\/p>\n\n\n\n<p>Ao avaliar os quatro primeiros dias do Forr\u00f3 Caju, o secret\u00e1rio da Defesa Social e da Cidadania, tenente-coronel Silvio Prado, ressalta que o esquema montado e o trabalho integrado das equipes tem garantido a seguran\u00e7a durante o evento.<\/p>\n\n\n\n<p>&#8220;Chegamos ao quarto dia de programa\u00e7\u00e3o com grande efetividade do plano de seguran\u00e7a, que conta com forte aparato montado na \u00e1rea do evento&#8221;, frisa Silvio Prado.<\/p>\n\n\n\n<p><strong>Acessibilidade e sa\u00fade<\/strong><\/p>\n\n\n\n<p>Garantindo que todos tenham direito de participar dos festejos juninos da capital, a Prefeitura, atrav\u00e9s da Secretaria da Assist\u00eancia Social, montou o tradicional Camarote da Acessibilidade, com capacidade di\u00e1ria de 80 pessoas, 40 PcDs e 40 acompanhantes. A \u00e1rea exclusiva \u00e9 adaptada \u00e0s normas da Lei Brasileira de Inclus\u00e3o (LBI) e da Associa\u00e7\u00e3o Brasileira de Normas T\u00e9cnicas (ABNT), contando com rampa de acesso, quatro banheiros, piso t\u00e1til de alerta e cadeiras.<\/p>\n\n\n\n<p>A Assist\u00eancia Social tamb\u00e9m est\u00e1 respons\u00e1vel pelo Estande dos Direitos Humanos, espa\u00e7o que re\u00fane assistentes sociais, psic\u00f3logos e educadores sociais que monitoram, durante a festa, poss\u00edveis situa\u00e7\u00f5es de viola\u00e7\u00f5es de direitos contra outras pessoas, seja racismo, racismo religioso, LGBTQIfobia, trabalho infantil, abuso e explora\u00e7\u00e3o sexual contra crian\u00e7as e adolescentes, crian\u00e7as desacompanhadas, e de desrespeito e viol\u00eancia contra mulheres e pessoas com defici\u00eancia.<\/p>\n\n\n\n<p>Quem comparece ao Forr\u00f3 Caju 2022 tem se divertido com o simp\u00e1tico casal Camisildo, que durante os quatro dias de festa j\u00e1 distribu\u00edram 30.800 preservativos, sendo 28.800 masculinos e dois mil femininos.<\/p>\n\n\n\n<p>A Secretaria Municipal da Sa\u00fade (SMS) tem atuado de forma direta no Forr\u00f3 Caju 2022. At\u00e9 o momento, foram realizadas 81 coletas para exame de detec\u00e7\u00e3o da covid, com 13 resultados positivos; e aplicadas 39 doses da vacina. Tamb\u00e9m foram atendidas 136 pessoas no posto m\u00e9dico, sendo 64 homens e 70 mulheres; 58 por intoxica\u00e7\u00e3o (\u00e1lcool ou outras drogas); 22 por traumas, como luxa\u00e7\u00f5es, pancadas ou quedas, e 54 por outras causas, como dores de cabe\u00e7a ou em outras partes do corpo. Desses atendimentos, oito pessoas foram transferidas para unidades de urg\u00eancia e emerg\u00eancia.<\/p>\n\n\n\n<p><strong>Mais forr\u00f3<\/strong><\/p>\n\n\n\n<p>A programa\u00e7\u00e3o do Forr\u00f3 Caju continuar\u00e1 nesta ter\u00e7a-feira, 28, e na quarta-feira, 29, com a apresenta\u00e7\u00e3o de mais 23 atra\u00e7\u00f5es. Confira a seguir:<\/p>\n\n\n\n<p><strong>28 de junho<\/strong><\/p>\n\n\n\n<p>Palco Gerson Filho<br>18h \u2013 Trio Bai\u00e3o de 3<br>19h \u2013 Quadrilha S\u00e9culo XX<br>19h30 \u2013 Trio os Tr\u00eas Moleques<br>21h \u2013 Luiz Fontinelli<br>22h30 \u2013 Joba Ralacoxa<br>00h \u2013 Virg\u00ednia Fontes<\/p>\n\n\n\n<p><strong>Palco Luiz Gonzaga<\/strong><br>20 \u2013 Mestrinho<br>21h30 \u2013 Mastruz com Leite<br>23h \u2013 Luan Estilizado &#8211; 23h<br>00h30 \u2013 Solange Almeida<br>2h \u2013 Cavaleiros do Forr\u00f3<\/p>\n\n\n\n<p><strong>29 de junho<\/strong><\/p>\n\n\n\n<p>Palco Gerson Filho<br>18h \u2013 Robertinho dos 8 Baixos<br>19h \u2013 Quadrilha Peneirou Xer\u00e9m<br>19h30 \u2013 Rebecca Melo<br>21h \u2013 Mimi Do Acordeon<br>22h30 \u2013 Trio Seu Bin\u00e1<br>00h \u2013 Trio Ave Rara<br>01h30 \u2013 Correia Dos 8 Baixos<\/p>\n\n\n\n<p>Palco Luiz Gonzaga<br>20h \u2013 Z\u00e9 Tramela<br>21h30 \u2013 Nattan<br>23h \u2013 Adelm\u00e1rio Coelho<br>00h30 \u2013 Jonas Esticado &#8211; 00h30<br>2h \u2013 Xand Avi\u00e3o<\/p>\n\n\n\n<p><strong><em>Acompanhe tamb\u00e9m o SE Not\u00edcias no\u00a0<a rel=\"noreferrer noopener\" href=\"https:\/\/twitter.com\/Senoticias\" target=\"_blank\">Twitter<\/a>,\u00a0<a rel=\"noreferrer noopener\" href=\"https:\/\/www.facebook.com\/senoticias1\" target=\"_blank\">Facebook<\/a>\u00a0e no\u00a0<a rel=\"noreferrer noopener\" href=\"https:\/\/www.instagram.com\/senoticias\/\" target=\"_blank\">Instagram<\/a><\/em><\/strong><\/p>\n\n\n\n<p>Fonte: Ag\u00eancia Aracaju de Not\u00edcias<\/p>\n","protected":false},"excerpt":{"rendered":"<p>Com uma m\u00e9dia de 11 atra\u00e7\u00f5es por noite, o Forr\u00f3 Caju 2022 est\u00e1 levando muito forr\u00f3 e anima\u00e7\u00e3o para aracajuanos e turistas que comparecem \u00e0 pra\u00e7a de eventos Hilton Lopes. Desde o in\u00edcio da festa, na v\u00e9spera de S\u00e3o Jo\u00e3o (23), at\u00e9 o \u00faltimo domingo (26), j\u00e1 se apresentaram 44 atra\u00e7\u00f5es nos palcos Gerson Filho [&hellip;]<\/p>\n","protected":false},"author":6557,"featured_media":0,"comment_status":"closed","ping_status":"closed","sticky":false,"template":"","format":"standard","meta":{"footnotes":""},"categories":[15,21],"tags":[4138,36459,213],"class_list":{"0":"post-133132","1":"post","2":"type-post","3":"status-publish","4":"format-standard","6":"category-destaques","7":"category-entretenimento","8":"tag-forro-caju","9":"tag-forro-caju-2022","10":"tag-prefeitura-de-aracaju"},"_links":{"self":[{"href":"https:\/\/senoticias.com.br\/se\/wp-json\/wp\/v2\/posts\/133132"}],"collection":[{"href":"https:\/\/senoticias.com.br\/se\/wp-json\/wp\/v2\/posts"}],"about":[{"href":"https:\/\/senoticias.com.br\/se\/wp-json\/wp\/v2\/types\/post"}],"author":[{"embeddable":true,"href":"https:\/\/senoticias.com.br\/se\/wp-json\/wp\/v2\/users\/6557"}],"replies":[{"embeddable":true,"href":"https:\/\/senoticias.com.br\/se\/wp-json\/wp\/v2\/comments?post=133132"}],"version-history":[{"count":0,"href":"https:\/\/senoticias.com.br\/se\/wp-json\/wp\/v2\/posts\/133132\/revisions"}],"wp:attachment":[{"href":"https:\/\/senoticias.com.br\/se\/wp-json\/wp\/v2\/media?parent=133132"}],"wp:term":[{"taxonomy":"category","embeddable":true,"href":"https:\/\/senoticias.com.br\/se\/wp-json\/wp\/v2\/categories?post=133132"},{"taxonomy":"post_tag","embeddable":true,"href":"https:\/\/senoticias.com.br\/se\/wp-json\/wp\/v2\/tags?post=133132"}],"curies":[{"name":"wp","href":"https:\/\/api.w.org\/{rel}","templated":true}]}}