{"id":133126,"date":"2022-06-27T15:33:35","date_gmt":"2022-06-27T18:33:35","guid":{"rendered":"https:\/\/senoticias.com.br\/se\/?p=133126"},"modified":"2022-06-27T15:33:41","modified_gmt":"2022-06-27T18:33:41","slug":"lei-seca-25-pessoas-sao-autuadas-por-embriaguez-ao-volante-na-grande-aracaju","status":"publish","type":"post","link":"https:\/\/senoticias.com.br\/se\/lei-seca-25-pessoas-sao-autuadas-por-embriaguez-ao-volante-na-grande-aracaju\/","title":{"rendered":"Lei Seca: 25 pessoas s\u00e3o autuadas por embriaguez ao volante na Grande Aracaju"},"content":{"rendered":"\n<p>As autua\u00e7\u00f5es de tr\u00e2nsito foram bem intensas entre os dias 23 e 26 de junho em Aracaju, principalmente para os condutores que ainda insistem em combinar bebida com dire\u00e7\u00e3o. Segundo a Companhia de Pol\u00edcia de Tr\u00e2nsito (CPTran), 25 pessoas foram autuadas por embriaguez ao volante neste per\u00edodo de 4 dias.<\/p>\n\n\n\n<figure class=\"wp-block-image size-large\"><img loading=\"lazy\" decoding=\"async\" width=\"584\" height=\"461\" src=\"https:\/\/senoticias.com.br\/se\/wp-content\/uploads\/2022\/06\/Acidente-de-transito-SE-Noticias.jpg\" alt=\"\" class=\"wp-image-133127\" srcset=\"https:\/\/senoticias.com.br\/se\/wp-content\/uploads\/2022\/06\/Acidente-de-transito-SE-Noticias.jpg 584w, https:\/\/senoticias.com.br\/se\/wp-content\/uploads\/2022\/06\/Acidente-de-transito-SE-Noticias-300x237.jpg 300w, https:\/\/senoticias.com.br\/se\/wp-content\/uploads\/2022\/06\/Acidente-de-transito-SE-Noticias-45x35.jpg 45w\" sizes=\"(max-width: 584px) 100vw, 584px\" \/><figcaption>Lei Seca: 25 pessoas s\u00e3o autuadas por embriaguez ao volante em 4 dias &#8211; Foto: CPTran<\/figcaption><\/figure>\n\n\n\n<p>Ainda de acordo com a CPTran, houve tamb\u00e9m o registrado de 13 acidentes, sendo que deste total, seis condutores apresentaram sinais de embriaguez e por isso foram levados para a Delegacia.<\/p>\n\n\n\n<p><strong><em>Acompanhe tamb\u00e9m o SE Not\u00edcias no\u00a0<a rel=\"noreferrer noopener\" href=\"https:\/\/twitter.com\/Senoticias\" target=\"_blank\">Twitter<\/a>,\u00a0<a rel=\"noreferrer noopener\" href=\"https:\/\/www.facebook.com\/senoticias1\" target=\"_blank\">Facebook<\/a>\u00a0e no\u00a0<a rel=\"noreferrer noopener\" href=\"https:\/\/www.instagram.com\/senoticias\/\" target=\"_blank\">Instagram<\/a><\/em><\/strong><\/p>\n\n\n\n<p>Fonte: Infonet\/CPTran<\/p>\n","protected":false},"excerpt":{"rendered":"<p>As autua\u00e7\u00f5es de tr\u00e2nsito foram bem intensas entre os dias 23 e 26 de junho em Aracaju, principalmente para os condutores que ainda insistem em combinar bebida com dire\u00e7\u00e3o. Segundo a Companhia de Pol\u00edcia de Tr\u00e2nsito (CPTran), 25 pessoas foram autuadas por embriaguez ao volante neste per\u00edodo de 4 dias. Ainda de acordo com a [&hellip;]<\/p>\n","protected":false},"author":6557,"featured_media":0,"comment_status":"closed","ping_status":"closed","sticky":false,"template":"","format":"standard","meta":{"footnotes":""},"categories":[15,7],"tags":[631,12516,9497],"class_list":{"0":"post-133126","1":"post","2":"type-post","3":"status-publish","4":"format-standard","6":"category-destaques","7":"category-policia","8":"tag-cptran","9":"tag-embriaguez-ao-volante","10":"tag-lei-seca"},"_links":{"self":[{"href":"https:\/\/senoticias.com.br\/se\/wp-json\/wp\/v2\/posts\/133126"}],"collection":[{"href":"https:\/\/senoticias.com.br\/se\/wp-json\/wp\/v2\/posts"}],"about":[{"href":"https:\/\/senoticias.com.br\/se\/wp-json\/wp\/v2\/types\/post"}],"author":[{"embeddable":true,"href":"https:\/\/senoticias.com.br\/se\/wp-json\/wp\/v2\/users\/6557"}],"replies":[{"embeddable":true,"href":"https:\/\/senoticias.com.br\/se\/wp-json\/wp\/v2\/comments?post=133126"}],"version-history":[{"count":0,"href":"https:\/\/senoticias.com.br\/se\/wp-json\/wp\/v2\/posts\/133126\/revisions"}],"wp:attachment":[{"href":"https:\/\/senoticias.com.br\/se\/wp-json\/wp\/v2\/media?parent=133126"}],"wp:term":[{"taxonomy":"category","embeddable":true,"href":"https:\/\/senoticias.com.br\/se\/wp-json\/wp\/v2\/categories?post=133126"},{"taxonomy":"post_tag","embeddable":true,"href":"https:\/\/senoticias.com.br\/se\/wp-json\/wp\/v2\/tags?post=133126"}],"curies":[{"name":"wp","href":"https:\/\/api.w.org\/{rel}","templated":true}]}}