{"id":133123,"date":"2022-06-27T10:15:45","date_gmt":"2022-06-27T13:15:45","guid":{"rendered":"https:\/\/senoticias.com.br\/se\/?p=133123"},"modified":"2022-06-27T10:29:01","modified_gmt":"2022-06-27T13:29:01","slug":"sete-homens-assaltam-passageiros-de-onibus-na-divisa-entre-sergipe-e-bahia","status":"publish","type":"post","link":"https:\/\/senoticias.com.br\/se\/sete-homens-assaltam-passageiros-de-onibus-na-divisa-entre-sergipe-e-bahia\/","title":{"rendered":"Sete homens assaltam passageiros de \u00f4nibus na divisa entre Sergipe e Bahia"},"content":{"rendered":"\n<p>Passageiros de um \u00f4nibus do transporte interestadual foram assaltados na Rodovia Linha Verde, entre Sergipe e Bahia, no \u00faltimo s\u00e1bado (25). A a\u00e7\u00e3o ocorreu nas proximidades do munic\u00edpio baiano de Janda\u00edra.<\/p>\n\n\n\n<figure class=\"wp-block-image size-large\"><img loading=\"lazy\" decoding=\"async\" width=\"585\" height=\"278\" src=\"https:\/\/senoticias.com.br\/se\/wp-content\/uploads\/2022\/06\/divisa-bahia-sergipe.2e16d0ba.fill-2220x1000-1.jpg\" alt=\"\" class=\"wp-image-133124\" srcset=\"https:\/\/senoticias.com.br\/se\/wp-content\/uploads\/2022\/06\/divisa-bahia-sergipe.2e16d0ba.fill-2220x1000-1.jpg 585w, https:\/\/senoticias.com.br\/se\/wp-content\/uploads\/2022\/06\/divisa-bahia-sergipe.2e16d0ba.fill-2220x1000-1-300x143.jpg 300w\" sizes=\"(max-width: 585px) 100vw, 585px\" \/><figcaption>Segundo a Pol\u00edcia Civil, os suspeitos roubaram v\u00e1rios pertences das v\u00edtimas &#8211; Foto: A8SE<\/figcaption><\/figure>\n\n\n\n<p>Segundo a Pol\u00edcia Civil, cerca de sete homens deram ordem de parada, entraram no ve\u00edculo e conduziram at\u00e9 uma estrada de terra. Eles roubaram v\u00e1rios pertences, como celulares, equipamentos eletr\u00f4nicos, roupas e dinheiro.<\/p>\n\n\n\n<p>At\u00e9 o momento, os integrantes do grupo n\u00e3o foram localizados. O caso foi registrado na Delegacia Regional de Est\u00e2ncia (SE), mas ser\u00e1 remetido para a Pol\u00edcia Civil de Janda\u00edra, respons\u00e1vel pelas investiga\u00e7\u00f5es.<\/p>\n\n\n\n<p>Informa\u00e7\u00f5es relacionadas ao caso podem ser repassadas atrav\u00e9s do Disque-Den\u00fancia (181).<\/p>\n\n\n\n<p><strong><em>Acompanhe tamb\u00e9m o SE Not\u00edcias no\u00a0<a rel=\"noreferrer noopener\" href=\"https:\/\/twitter.com\/Senoticias\" target=\"_blank\">Twitter<\/a>,\u00a0<a rel=\"noreferrer noopener\" href=\"https:\/\/www.facebook.com\/senoticias1\" target=\"_blank\">Facebook<\/a>\u00a0e no\u00a0<a rel=\"noreferrer noopener\" href=\"https:\/\/www.instagram.com\/senoticias\/\" target=\"_blank\">Instagram<\/a><\/em><\/strong><\/p>\n\n\n\n<p>Fonte: A8SE.com.br<\/p>\n","protected":false},"excerpt":{"rendered":"<p>Passageiros de um \u00f4nibus do transporte interestadual foram assaltados na Rodovia Linha Verde, entre Sergipe e Bahia, no \u00faltimo s\u00e1bado (25). A a\u00e7\u00e3o ocorreu nas proximidades do munic\u00edpio baiano de Janda\u00edra. Segundo a Pol\u00edcia Civil, cerca de sete homens deram ordem de parada, entraram no ve\u00edculo e conduziram at\u00e9 uma estrada de terra. Eles roubaram [&hellip;]<\/p>\n","protected":false},"author":6557,"featured_media":0,"comment_status":"closed","ping_status":"closed","sticky":false,"template":"","format":"standard","meta":{"footnotes":""},"categories":[15,7,1],"tags":[11418,36833],"class_list":{"0":"post-133123","1":"post","2":"type-post","3":"status-publish","4":"format-standard","6":"category-destaques","7":"category-policia","8":"category-sem-categoria","9":"tag-assalto-a-onibus","10":"tag-divisa-sergipe-e-bahia"},"_links":{"self":[{"href":"https:\/\/senoticias.com.br\/se\/wp-json\/wp\/v2\/posts\/133123"}],"collection":[{"href":"https:\/\/senoticias.com.br\/se\/wp-json\/wp\/v2\/posts"}],"about":[{"href":"https:\/\/senoticias.com.br\/se\/wp-json\/wp\/v2\/types\/post"}],"author":[{"embeddable":true,"href":"https:\/\/senoticias.com.br\/se\/wp-json\/wp\/v2\/users\/6557"}],"replies":[{"embeddable":true,"href":"https:\/\/senoticias.com.br\/se\/wp-json\/wp\/v2\/comments?post=133123"}],"version-history":[{"count":0,"href":"https:\/\/senoticias.com.br\/se\/wp-json\/wp\/v2\/posts\/133123\/revisions"}],"wp:attachment":[{"href":"https:\/\/senoticias.com.br\/se\/wp-json\/wp\/v2\/media?parent=133123"}],"wp:term":[{"taxonomy":"category","embeddable":true,"href":"https:\/\/senoticias.com.br\/se\/wp-json\/wp\/v2\/categories?post=133123"},{"taxonomy":"post_tag","embeddable":true,"href":"https:\/\/senoticias.com.br\/se\/wp-json\/wp\/v2\/tags?post=133123"}],"curies":[{"name":"wp","href":"https:\/\/api.w.org\/{rel}","templated":true}]}}