{"id":133110,"date":"2022-06-25T11:18:44","date_gmt":"2022-06-25T14:18:44","guid":{"rendered":"https:\/\/senoticias.com.br\/se\/?p=133110"},"modified":"2022-06-25T11:24:15","modified_gmt":"2022-06-25T14:24:15","slug":"sao-pedro-de-muribeca-acontece-nos-dias-28-e-29-de-junho","status":"publish","type":"post","link":"https:\/\/senoticias.com.br\/se\/sao-pedro-de-muribeca-acontece-nos-dias-28-e-29-de-junho\/","title":{"rendered":"S\u00e3o Pedro de Muribeca acontece nos dias 28 e 29 de junho"},"content":{"rendered":"\n<p><\/p>\n\n\n\n<p>A tradi\u00e7\u00e3o est\u00e1 de volta. Ap\u00f3s dois anos sem ariar a fivela e sem sentir o calor dos muribequenses na arena de eventos, este ano tem muito arrasta-p\u00e9 em Muribeca, nesta ter\u00e7a e quarta-feira, 28 e 29 de junho. O munic\u00edpio j\u00e1 realiza o S\u00e3o Pedro, que \u00e9 um dos maiores do Estado, desde a d\u00e9cada de 1970 e todos os anos atrai n\u00e3o s\u00f3 a popula\u00e7\u00e3o local, mas de Sergipe inteiro. Para celebrar esta data t\u00e3o importante do calend\u00e1rio de festejos juninos, a Prefeitura preparou uma programa\u00e7\u00e3o mais do que especial.<\/p>\n\n\n\n<p>Na Ter\u00e7a-feira, 28, a partir das 21h, a anima\u00e7\u00e3o na arena de eventos, fica por conta dos artistas muriqueneses, Juninho (o Boyzinho), Estralinho, Cleones do Arrocha, Sisi Melo, Gil Show e Z\u00e9 Fernandes, que pretendem fazer os forrozeiros dan\u00e7arem at\u00e9 o sol raiar e matar a saudade do ritmo gostoso e mais popular do nordestino.<\/p>\n\n\n\n<p>Na quarta-feira, 29, dia de S\u00e3o Pedro, a festa inicia mais cedo, \u00e0s 16h, com um arrast\u00e3o comandado por L\u00e9o Santana (o gigante da Bahia). \u00c0s 21h tem mais alegria com Xande e Nanda, Lala (Amor Cigano), Jonas Esticado e Ra\u00ed (Saia Rodada). Eles v\u00e3o tocar e cantar novos sucessos e outros, que j\u00e1 est\u00e3o consagrados e na boca do povo. O prefeito, M\u00e1rio C\u00e9sar da Silva Conserva (M\u00e1rio de Sandra) destacou que, para realizar o S\u00e3o Pedro, que acontece h\u00e1 cerca de 50 anos e \u00e9 patrim\u00f4nio hist\u00f3rico e cultural de Sergipe, a Prefeitura honrou com todos os compromissos.<\/p>\n\n\n\n<figure class=\"wp-block-image size-large\"><img loading=\"lazy\" decoding=\"async\" width=\"548\" height=\"684\" src=\"https:\/\/senoticias.com.br\/se\/wp-content\/uploads\/2022\/06\/Sao-Pedro-de-Muribeca-SE-Noticias.jpg\" alt=\"\" class=\"wp-image-133111\" srcset=\"https:\/\/senoticias.com.br\/se\/wp-content\/uploads\/2022\/06\/Sao-Pedro-de-Muribeca-SE-Noticias.jpg 548w, https:\/\/senoticias.com.br\/se\/wp-content\/uploads\/2022\/06\/Sao-Pedro-de-Muribeca-SE-Noticias-240x300.jpg 240w\" sizes=\"(max-width: 548px) 100vw, 548px\" \/><figcaption>S\u00e3o Pedro de Muribeca \u00e9 um dos maiores do Estado &#8211; Foto arte: ascom\/PMM<\/figcaption><\/figure>\n\n\n\n<p>\u201cN\u00f3s seguimos \u00e0 risca todos os protocolos sanit\u00e1rios nesses dois anos de pandemia, vacinamos a popula\u00e7\u00e3o e este m\u00eas pagamos os sal\u00e1rios de todos os servidores e os benef\u00edcios de transfer\u00eancia de renda, ou seja, honramos com todos os compromissos para trazer de volta essa grande festa, que, al\u00e9m de proporcionar alegria, movimenta a economia e gera mais oportunidade de renda para o nosso povo\u201d, disse o prefeito.<\/p>\n\n\n\n<p><strong><em>Acompanhe tamb\u00e9m o SE Not\u00edcias no\u00a0<a rel=\"noreferrer noopener\" href=\"https:\/\/twitter.com\/Senoticias\" target=\"_blank\">Twitter<\/a>,\u00a0<a rel=\"noreferrer noopener\" href=\"https:\/\/www.facebook.com\/senoticias1\" target=\"_blank\">Facebook<\/a>\u00a0e no\u00a0<a rel=\"noreferrer noopener\" href=\"https:\/\/www.instagram.com\/senoticias\/\" target=\"_blank\">Instagram<\/a><\/em><\/strong><\/p>\n\n\n\n<p>Fonte: ascom\/Muribeca<\/p>\n","protected":false},"excerpt":{"rendered":"<p>A tradi\u00e7\u00e3o est\u00e1 de volta. Ap\u00f3s dois anos sem ariar a fivela e sem sentir o calor dos muribequenses na arena de eventos, este ano tem muito arrasta-p\u00e9 em Muribeca, nesta ter\u00e7a e quarta-feira, 28 e 29 de junho. O munic\u00edpio j\u00e1 realiza o S\u00e3o Pedro, que \u00e9 um dos maiores do Estado, desde a [&hellip;]<\/p>\n","protected":false},"author":6557,"featured_media":0,"comment_status":"closed","ping_status":"closed","sticky":false,"template":"","format":"standard","meta":{"footnotes":""},"categories":[15,21],"tags":[619,36827,36826,1005,36824],"class_list":{"0":"post-133110","1":"post","2":"type-post","3":"status-publish","4":"format-standard","6":"category-destaques","7":"category-entretenimento","8":"tag-festejos-juninos","9":"tag-prefeito-mario-de-sandra","10":"tag-prefeitura-de-muribeca","11":"tag-sao-pedro","12":"tag-sao-pedro-de-muribeca"},"_links":{"self":[{"href":"https:\/\/senoticias.com.br\/se\/wp-json\/wp\/v2\/posts\/133110"}],"collection":[{"href":"https:\/\/senoticias.com.br\/se\/wp-json\/wp\/v2\/posts"}],"about":[{"href":"https:\/\/senoticias.com.br\/se\/wp-json\/wp\/v2\/types\/post"}],"author":[{"embeddable":true,"href":"https:\/\/senoticias.com.br\/se\/wp-json\/wp\/v2\/users\/6557"}],"replies":[{"embeddable":true,"href":"https:\/\/senoticias.com.br\/se\/wp-json\/wp\/v2\/comments?post=133110"}],"version-history":[{"count":0,"href":"https:\/\/senoticias.com.br\/se\/wp-json\/wp\/v2\/posts\/133110\/revisions"}],"wp:attachment":[{"href":"https:\/\/senoticias.com.br\/se\/wp-json\/wp\/v2\/media?parent=133110"}],"wp:term":[{"taxonomy":"category","embeddable":true,"href":"https:\/\/senoticias.com.br\/se\/wp-json\/wp\/v2\/categories?post=133110"},{"taxonomy":"post_tag","embeddable":true,"href":"https:\/\/senoticias.com.br\/se\/wp-json\/wp\/v2\/tags?post=133110"}],"curies":[{"name":"wp","href":"https:\/\/api.w.org\/{rel}","templated":true}]}}