{"id":133103,"date":"2022-06-24T15:03:39","date_gmt":"2022-06-24T18:03:39","guid":{"rendered":"https:\/\/senoticias.com.br\/se\/?p=133103"},"modified":"2022-06-24T15:09:32","modified_gmt":"2022-06-24T18:09:32","slug":"aracaju-amplia-campanha-contra-influenza-para-populacao-geral-a-partir-de-segunda-dia-27","status":"publish","type":"post","link":"https:\/\/senoticias.com.br\/se\/aracaju-amplia-campanha-contra-influenza-para-populacao-geral-a-partir-de-segunda-dia-27\/","title":{"rendered":"Aracaju amplia campanha contra Influenza para popula\u00e7\u00e3o geral a partir de segunda, dia 27"},"content":{"rendered":"\n<p>A Prefeitura de Aracaju, por meio da Secretaria Municipal da Sa\u00fade, inicia vacina\u00e7\u00e3o contra Influenza para a popula\u00e7\u00e3o geral a partir desta segunda-feira, 27.<\/p>\n\n\n\n<figure class=\"wp-block-image size-large is-resized\"><img loading=\"lazy\" decoding=\"async\" src=\"https:\/\/senoticias.com.br\/se\/wp-content\/uploads\/2022\/06\/Vacina-Contra-a-gripe-SE-Noticias.jpg\" alt=\"\" class=\"wp-image-133105\" width=\"580\" height=\"386\" srcset=\"https:\/\/senoticias.com.br\/se\/wp-content\/uploads\/2022\/06\/Vacina-Contra-a-gripe-SE-Noticias.jpg 597w, https:\/\/senoticias.com.br\/se\/wp-content\/uploads\/2022\/06\/Vacina-Contra-a-gripe-SE-Noticias-300x200.jpg 300w, https:\/\/senoticias.com.br\/se\/wp-content\/uploads\/2022\/06\/Vacina-Contra-a-gripe-SE-Noticias-90x60.jpg 90w, https:\/\/senoticias.com.br\/se\/wp-content\/uploads\/2022\/06\/Vacina-Contra-a-gripe-SE-Noticias-180x120.jpg 180w, https:\/\/senoticias.com.br\/se\/wp-content\/uploads\/2022\/06\/Vacina-Contra-a-gripe-SE-Noticias-95x64.jpg 95w\" sizes=\"(max-width: 580px) 100vw, 580px\" \/><figcaption>Para receber a vacina, basta apresentar cart\u00e3o SUS, cart\u00e3o de vacina\u00e7\u00e3o &#8211; Foto: ascom\/PMA<\/figcaption><\/figure>\n\n\n\n<p><strong>Iniciada em abril<\/strong>, a campanha contra Influenza, em Aracaju, <strong>alcan\u00e7ou 59,02%<\/strong> da meta de vacina\u00e7\u00e3o de grupos priorit\u00e1rios. Foram aplicadas 162.273 doses de vacinas. Entre as crian\u00e7as de 6 meses a menores de 5 anos de idade (4 anos, 11meses e 29 dias) a cobertura vacinal foi de 37,2%; as pu\u00e9rperas 37,13%; os trabalhadores da sa\u00fade 56,8% das gestantes 41,7%; e a cobertura vacinal dos idosos contra a influenza foi de 70,69%; j\u00e1 dos professores, 67,73%.<\/p>\n\n\n\n<p>Com a amplia\u00e7\u00e3o do p\u00fablico, todas as pessoas acima de 6 meses podem receber o imunizante,o qual est\u00e1 dispon\u00edvel em todas as 45 Unidades B\u00e1sicas de Sa\u00fade, nos tr\u00eas shoppings da capital (Riomar, Jardins e Aracaju Parque Shopping), Parque da Sementeira (de 8 \u00e0s 13 horas) e Carro da Vacina, que esta semana estar\u00e1 na Pra\u00e7a da Juventude, na Farol\u00e2ndia.<\/p>\n\n\n\n<p>Para receber a vacina, basta apresentar <strong>cart\u00e3o SUS<\/strong>, <strong>cart\u00e3o de vacina\u00e7\u00e3o<\/strong> (se tiver) e comprovante de resid\u00eancia de Aracaju.<\/p>\n\n\n\n<p><strong><em>Acompanhe tamb\u00e9m o SE Not\u00edcias no\u00a0<a rel=\"noreferrer noopener\" href=\"https:\/\/twitter.com\/Senoticias\" target=\"_blank\">Twitter<\/a>,\u00a0<a rel=\"noreferrer noopener\" href=\"https:\/\/www.facebook.com\/senoticias1\" target=\"_blank\">Facebook<\/a>\u00a0e no\u00a0<a rel=\"noreferrer noopener\" href=\"https:\/\/www.instagram.com\/senoticias\/\" target=\"_blank\">Instagram<\/a><\/em><\/strong><\/p>\n\n\n\n<p>por ascom\/PMA<\/p>\n","protected":false},"excerpt":{"rendered":"<p>A Prefeitura de Aracaju, por meio da Secretaria Municipal da Sa\u00fade, inicia vacina\u00e7\u00e3o contra Influenza para a popula\u00e7\u00e3o geral a partir desta segunda-feira, 27. Iniciada em abril, a campanha contra Influenza, em Aracaju, alcan\u00e7ou 59,02% da meta de vacina\u00e7\u00e3o de grupos priorit\u00e1rios. Foram aplicadas 162.273 doses de vacinas. Entre as crian\u00e7as de 6 meses a [&hellip;]<\/p>\n","protected":false},"author":6557,"featured_media":0,"comment_status":"closed","ping_status":"closed","sticky":false,"template":"","format":"standard","meta":{"footnotes":""},"categories":[15,6,1],"tags":[213,16782,67,36813],"class_list":{"0":"post-133103","1":"post","2":"type-post","3":"status-publish","4":"format-standard","6":"category-destaques","7":"category-politica","8":"category-sem-categoria","9":"tag-prefeitura-de-aracaju","10":"tag-secretaria-municipal-da-saude","11":"tag-vacina-contra-a-gripe","12":"tag-vacinacao-contra-influenza"},"_links":{"self":[{"href":"https:\/\/senoticias.com.br\/se\/wp-json\/wp\/v2\/posts\/133103"}],"collection":[{"href":"https:\/\/senoticias.com.br\/se\/wp-json\/wp\/v2\/posts"}],"about":[{"href":"https:\/\/senoticias.com.br\/se\/wp-json\/wp\/v2\/types\/post"}],"author":[{"embeddable":true,"href":"https:\/\/senoticias.com.br\/se\/wp-json\/wp\/v2\/users\/6557"}],"replies":[{"embeddable":true,"href":"https:\/\/senoticias.com.br\/se\/wp-json\/wp\/v2\/comments?post=133103"}],"version-history":[{"count":0,"href":"https:\/\/senoticias.com.br\/se\/wp-json\/wp\/v2\/posts\/133103\/revisions"}],"wp:attachment":[{"href":"https:\/\/senoticias.com.br\/se\/wp-json\/wp\/v2\/media?parent=133103"}],"wp:term":[{"taxonomy":"category","embeddable":true,"href":"https:\/\/senoticias.com.br\/se\/wp-json\/wp\/v2\/categories?post=133103"},{"taxonomy":"post_tag","embeddable":true,"href":"https:\/\/senoticias.com.br\/se\/wp-json\/wp\/v2\/tags?post=133103"}],"curies":[{"name":"wp","href":"https:\/\/api.w.org\/{rel}","templated":true}]}}