{"id":133072,"date":"2022-06-22T21:32:43","date_gmt":"2022-06-23T00:32:43","guid":{"rendered":"https:\/\/senoticias.com.br\/se\/?p=133072"},"modified":"2022-06-22T21:32:49","modified_gmt":"2022-06-23T00:32:49","slug":"ferreira-costa-recebe-feirinha-de-comida-tipica-junina-ate-dia-26","status":"publish","type":"post","link":"https:\/\/senoticias.com.br\/se\/ferreira-costa-recebe-feirinha-de-comida-tipica-junina-ate-dia-26\/","title":{"rendered":"Ferreira Costa recebe feirinha de comida t\u00edpica junina at\u00e9 dia 26"},"content":{"rendered":"\n<p><\/p>\n\n\n\n<p>Com o objetivo de auxiliar os profissionais aut\u00f4nomos do setor, o Home Center Ferreira Costa organizou em seu Mall, que fica localizado no t\u00e9rreo da loja, uma feirinha com comida t\u00edpica junina. Uma oportunidade para degustar e conhecer a culin\u00e1ria de diferentes regi\u00f5es do Brasil.<\/p>\n\n\n\n<p>O evento acontece at\u00e9 o dia 26 de junho, das <strong>09h \u00e0s 19h<\/strong>. Quem for frequentar o local, encontrar\u00e1 milho cozido, canjica, bolo de milho, fub\u00e1, pamonha, bolos, beiju, pipoca gourmet, licor e muitas outras del\u00edcias que encontramos na \u00e9poca, com pre\u00e7os em conta a partir de R$3.<\/p>\n\n\n\n<p>E para quem quer al\u00e9m de saborear as comidinhas de S\u00e3o Jo\u00e3o e preparar uma linda mesa-posta com essas del\u00edcias, na loja, voc\u00ea encontra v\u00e1rios produtos para montar uma linda mesa-posta para receber amigos e familiares nessa data t\u00e3o importante para os nordestinos.<\/p>\n\n\n\n<p><strong>Sobre a Ferreira Costa:<\/strong><\/p>\n\n\n\n<p>Com 137 anos de hist\u00f3ria, a Ferreira Costa, maior Home Center do Nordeste, est\u00e1 presente nos estados de Pernambuco, Bahia, Sergipe, Para\u00edba e Rio Grande do Norte, levando ao consumidor mais de 80 mil itens para casa, constru\u00e7\u00e3o e decora\u00e7\u00e3o. Al\u00e9m de suas oito lojas, a Ferreira Costa tamb\u00e9m possui o e-commerce <strong>www.ferreiracosta.com<\/strong>, com entrega para todo Brasil.<\/p>\n\n\n\n<p><strong><em>Acompanhe tamb\u00e9m o SE Not\u00edcias no\u00a0<a rel=\"noreferrer noopener\" href=\"https:\/\/twitter.com\/Senoticias\" target=\"_blank\">Twitter<\/a>,\u00a0<a rel=\"noreferrer noopener\" href=\"https:\/\/www.facebook.com\/senoticias1\" target=\"_blank\">Facebook<\/a>\u00a0e no\u00a0<a rel=\"noreferrer noopener\" href=\"https:\/\/www.instagram.com\/senoticias\/\" target=\"_blank\">Instagram<\/a><\/em><\/strong><\/p>\n\n\n\n<p>Fonte: Assessoria de Imprensa<\/p>\n","protected":false},"excerpt":{"rendered":"<p>Com o objetivo de auxiliar os profissionais aut\u00f4nomos do setor, o Home Center Ferreira Costa organizou em seu Mall, que fica localizado no t\u00e9rreo da loja, uma feirinha com comida t\u00edpica junina. Uma oportunidade para degustar e conhecer a culin\u00e1ria de diferentes regi\u00f5es do Brasil. O evento acontece at\u00e9 o dia 26 de junho, das [&hellip;]<\/p>\n","protected":false},"author":6557,"featured_media":0,"comment_status":"closed","ping_status":"closed","sticky":false,"template":"","format":"standard","meta":{"footnotes":""},"categories":[1],"tags":[7745,6130],"class_list":{"0":"post-133072","1":"post","2":"type-post","3":"status-publish","4":"format-standard","6":"category-sem-categoria","7":"tag-ferreira-costa","8":"tag-home-center-ferreira-costa"},"_links":{"self":[{"href":"https:\/\/senoticias.com.br\/se\/wp-json\/wp\/v2\/posts\/133072"}],"collection":[{"href":"https:\/\/senoticias.com.br\/se\/wp-json\/wp\/v2\/posts"}],"about":[{"href":"https:\/\/senoticias.com.br\/se\/wp-json\/wp\/v2\/types\/post"}],"author":[{"embeddable":true,"href":"https:\/\/senoticias.com.br\/se\/wp-json\/wp\/v2\/users\/6557"}],"replies":[{"embeddable":true,"href":"https:\/\/senoticias.com.br\/se\/wp-json\/wp\/v2\/comments?post=133072"}],"version-history":[{"count":0,"href":"https:\/\/senoticias.com.br\/se\/wp-json\/wp\/v2\/posts\/133072\/revisions"}],"wp:attachment":[{"href":"https:\/\/senoticias.com.br\/se\/wp-json\/wp\/v2\/media?parent=133072"}],"wp:term":[{"taxonomy":"category","embeddable":true,"href":"https:\/\/senoticias.com.br\/se\/wp-json\/wp\/v2\/categories?post=133072"},{"taxonomy":"post_tag","embeddable":true,"href":"https:\/\/senoticias.com.br\/se\/wp-json\/wp\/v2\/tags?post=133072"}],"curies":[{"name":"wp","href":"https:\/\/api.w.org\/{rel}","templated":true}]}}