{"id":133055,"date":"2022-06-22T12:14:49","date_gmt":"2022-06-22T15:14:49","guid":{"rendered":"https:\/\/senoticias.com.br\/se\/?p=133055"},"modified":"2022-06-22T12:14:59","modified_gmt":"2022-06-22T15:14:59","slug":"ex-jogador-de-futebol-e-amarrado-e-espancado-apos-ter-fazenda-invadida-em-estancia","status":"publish","type":"post","link":"https:\/\/senoticias.com.br\/se\/ex-jogador-de-futebol-e-amarrado-e-espancado-apos-ter-fazenda-invadida-em-estancia\/","title":{"rendered":"Ex-jogador de futebol \u00e9 amarrado e espancado ap\u00f3s ter fazenda invadida em Est\u00e2ncia"},"content":{"rendered":"\n<p>A fazenda de um ex-jogador de futebol foi alvo de assaltantes no Povoado Queimadas, em Est\u00e2ncia, na noite desta ter\u00e7a-feira (21).<\/p>\n\n\n\n<figure class=\"wp-block-image size-large\"><img loading=\"lazy\" decoding=\"async\" width=\"1024\" height=\"462\" src=\"https:\/\/senoticias.com.br\/se\/wp-content\/uploads\/2022\/06\/estancia-1024x462.jpg\" alt=\"\" class=\"wp-image-133059\"\/><figcaption>\nV\u00e1rios bens da propriedade foram roubados na a\u00e7\u00e3o.<\/figcaption><\/figure>\n\n\n\n<p>Segundo a Pol\u00edcia Civil, o dono estava na propriedade quando dois homens armados invadiram e subtra\u00edram dinheiro, celular, equipamentos eletr\u00f4nicos e outros bens. Na a\u00e7\u00e3o, a dupla agrediu a v\u00edtima e o caseiro, que estavam amarrados.<\/p>\n\n\n\n<p>Os criminosos fugiram no carro do atleta em dire\u00e7\u00e3o \u00e0 BR-101. O caso est\u00e1 sendo investigado pela Delegacia Regional. Informa\u00e7\u00f5es relacionadas ao crime podem ser repassadas atrav\u00e9s do Disque-Den\u00fancia (181).<\/p>\n\n\n\n<p><strong><em>Acompanhe tamb\u00e9m o SE Not\u00edcias no&nbsp;<a rel=\"noreferrer noopener\" href=\"https:\/\/twitter.com\/Senoticias\" target=\"_blank\">Twitter<\/a>,&nbsp;<a rel=\"noreferrer noopener\" href=\"https:\/\/www.facebook.com\/senoticias1\" target=\"_blank\">Facebook<\/a>&nbsp;e no&nbsp;<a rel=\"noreferrer noopener\" href=\"https:\/\/www.instagram.com\/senoticias\/\" target=\"_blank\">Instagram<\/a><\/em><\/strong><\/p>\n\n\n\n<p>Fonte: A8 SE<\/p>\n","protected":false},"excerpt":{"rendered":"<p>A fazenda de um ex-jogador de futebol foi alvo de assaltantes no Povoado Queimadas, em Est\u00e2ncia, na noite desta ter\u00e7a-feira (21). Segundo a Pol\u00edcia Civil, o dono estava na propriedade quando dois homens armados invadiram e subtra\u00edram dinheiro, celular, equipamentos eletr\u00f4nicos e outros bens. Na a\u00e7\u00e3o, a dupla agrediu a v\u00edtima e o caseiro, que [&hellip;]<\/p>\n","protected":false},"author":6557,"featured_media":0,"comment_status":"closed","ping_status":"closed","sticky":false,"template":"","format":"standard","meta":{"footnotes":""},"categories":[15,7],"tags":[972,36795,36796],"class_list":{"0":"post-133055","1":"post","2":"type-post","3":"status-publish","4":"format-standard","6":"category-destaques","7":"category-policia","8":"tag-estancia","9":"tag-ex-jogador-e-espancado","10":"tag-fazenda-e-invadida"},"_links":{"self":[{"href":"https:\/\/senoticias.com.br\/se\/wp-json\/wp\/v2\/posts\/133055"}],"collection":[{"href":"https:\/\/senoticias.com.br\/se\/wp-json\/wp\/v2\/posts"}],"about":[{"href":"https:\/\/senoticias.com.br\/se\/wp-json\/wp\/v2\/types\/post"}],"author":[{"embeddable":true,"href":"https:\/\/senoticias.com.br\/se\/wp-json\/wp\/v2\/users\/6557"}],"replies":[{"embeddable":true,"href":"https:\/\/senoticias.com.br\/se\/wp-json\/wp\/v2\/comments?post=133055"}],"version-history":[{"count":0,"href":"https:\/\/senoticias.com.br\/se\/wp-json\/wp\/v2\/posts\/133055\/revisions"}],"wp:attachment":[{"href":"https:\/\/senoticias.com.br\/se\/wp-json\/wp\/v2\/media?parent=133055"}],"wp:term":[{"taxonomy":"category","embeddable":true,"href":"https:\/\/senoticias.com.br\/se\/wp-json\/wp\/v2\/categories?post=133055"},{"taxonomy":"post_tag","embeddable":true,"href":"https:\/\/senoticias.com.br\/se\/wp-json\/wp\/v2\/tags?post=133055"}],"curies":[{"name":"wp","href":"https:\/\/api.w.org\/{rel}","templated":true}]}}