{"id":133045,"date":"2022-06-21T11:57:26","date_gmt":"2022-06-21T14:57:26","guid":{"rendered":"https:\/\/senoticias.com.br\/se\/?p=133045"},"modified":"2022-06-21T11:57:32","modified_gmt":"2022-06-21T14:57:32","slug":"junho-verde-em-sergipe-dra-leticia-gitaci-alerta-sobre-a-escoliose","status":"publish","type":"post","link":"https:\/\/senoticias.com.br\/se\/junho-verde-em-sergipe-dra-leticia-gitaci-alerta-sobre-a-escoliose\/","title":{"rendered":"Junho verde em Sergipe: Dra. Let\u00edcia Gitaci alerta sobre a escoliose"},"content":{"rendered":"\n<p> <\/p>\n\n\n\n<p>Dados da Organiza\u00e7\u00e3o Mundial de Sa\u00fade indicam que cerca de 6 milh\u00f5es de brasileiros t\u00eam uma curvatura significativa de escoliose, que n\u00e3o consiste em uma doen\u00e7a, mas sim em uma altera\u00e7\u00e3o para alguns dos lados da curvatura natural da coluna vertebral. O m\u00eas de junho foi escolhido para conscientizar sobre a import\u00e2ncia de uma avalia\u00e7\u00e3o j\u00e1 na inf\u00e2ncia para que as possibilidades de \u00eaxito nos tratamentos sejam cada vez maiores. O objetivo \u00e9 unir pessoas para criar uma consci\u00eancia p\u00fablica positiva sobre a escoliose, promovendo a educa\u00e7\u00e3o e reunindo as pessoas afetadas pela doen\u00e7a. Em entrevista, a quiropraxista Dra. Let\u00edcia Gitaci alertou sobre os cuidados que devem ser tomados ao detectar o problema.<\/p>\n\n\n\n<figure class=\"wp-block-image size-large\"><img loading=\"lazy\" decoding=\"async\" width=\"594\" height=\"890\" src=\"https:\/\/senoticias.com.br\/se\/wp-content\/uploads\/2022\/06\/DRA.-LETICIA-GITACI-QUIROPRAXISTA.jpg\" alt=\"\" class=\"wp-image-133046\" srcset=\"https:\/\/senoticias.com.br\/se\/wp-content\/uploads\/2022\/06\/DRA.-LETICIA-GITACI-QUIROPRAXISTA.jpg 594w, https:\/\/senoticias.com.br\/se\/wp-content\/uploads\/2022\/06\/DRA.-LETICIA-GITACI-QUIROPRAXISTA-200x300.jpg 200w\" sizes=\"(max-width: 594px) 100vw, 594px\" \/><figcaption>Dra. Let\u00edcia Gitaci alerta sobre a escoliose &#8211; Foto: arquivo pessoal<\/figcaption><\/figure>\n\n\n\n<p>A escoliose \u00e9 considerada uma deformidade tridimensional da coluna vertebral em que a curvatura do plano central excede 10 graus. Pode se manifestar tanto na inf\u00e2ncia quanto na adolesc\u00eancia ou, em casos mais raros, na fase adulta, com maior preval\u00eancia entre as mulheres. \u201cAs escolioses afetam 3 a 4% da popula\u00e7\u00e3o e s\u00e3o decorrentes de diversas causas, afetando diferentes idades e popula\u00e7\u00f5es. Em alguns casos ela pode ser detectada logo nos primeiros anos de vida \u2013 nos casos de escoliose cong\u00eanita e escoliose idiop\u00e1tica infantil. Nas crian\u00e7as maiores e adolescentes temos as escolioses idiop\u00e1ticas juvenis e do adolescente, podendo ser encontrada at\u00e9 em idosos nos casos de escoliose degenerativa e escoliose idiop\u00e1tica do adulto. Doen\u00e7as raras e s\u00edndromes neurol\u00f3gicas como a paralisia cerebral e a mielomeningocele s\u00e3o causas importantes da deformidade na coluna\u201d, explica Dra. Let\u00edcia.<\/p>\n\n\n\n<figure class=\"wp-block-image size-large\"><img loading=\"lazy\" decoding=\"async\" width=\"561\" height=\"509\" src=\"https:\/\/senoticias.com.br\/se\/wp-content\/uploads\/2022\/06\/ESCOLIOSE.jpg\" alt=\"\" class=\"wp-image-133047\" srcset=\"https:\/\/senoticias.com.br\/se\/wp-content\/uploads\/2022\/06\/ESCOLIOSE.jpg 561w, https:\/\/senoticias.com.br\/se\/wp-content\/uploads\/2022\/06\/ESCOLIOSE-300x272.jpg 300w\" sizes=\"(max-width: 561px) 100vw, 561px\" \/><figcaption>A escoliose \u00e9 considerada uma deformidade tridimensional da coluna vertebral em que a curvatura do plano central excede 10 graus &#8211; Foto: divulga\u00e7\u00e3o<\/figcaption><\/figure>\n\n\n\n<p>Os primeiros sintomas costumam aparecer j\u00e1 na inf\u00e2ncia, quando os m\u00fasculos e ossos aumentam seu tamanho e o c\u00e9rebro precisa se adaptar a essas mudan\u00e7as. Por\u00e9m \u00e9 dif\u00edcil que um olhar leigo note a curvatura nos est\u00e1gios iniciais. \u201cMas \u00e9 poss\u00edvel perceber observando sintomas como ombros ou quadris que parecem assim\u00e9tricos; coluna vertebral encurvada anormalmente para um dos lados; sensa\u00e7\u00e3o de desconforto muscular. Geralmente a escoliose na inf\u00e2ncia n\u00e3o causa dor. Se a crian\u00e7a sentir desconfortos associados \u00e0 dores, \u00e9 necess\u00e1ria uma avalia\u00e7\u00e3o m\u00e9dica criteriosa para verificar a exist\u00eancia de outras doen\u00e7as mais graves\u201d, afirma.<\/p>\n\n\n\n<p>O tratamento \u00e9 individualizado e depende de uma equipe multidisciplinar composta por quiropraxista, m\u00e9dico ortopedista e fisioterapeuta. \u201cO tratamento \u00e9 baseado no acompanhamento quiropr\u00e1tico e em exerc\u00edcios espec\u00edficos da fisioterapia. O tratamento cir\u00fargico s\u00f3 \u00e9 determinado para os casos com deformidades maiores, progressivas, ou seguidas de dor, compress\u00e3o neurol\u00f3gica, ou em casos que evolu\u00edram com piora mesmo com o tratamento n\u00e3o cir\u00fargico. Muitas vezes s\u00e3o os pais ou familiares que percebem o aparecimento da doen\u00e7a, outras vezes o paciente sente dor, desconforto ou \u00e0s vezes at\u00e9 vergonha de sua apar\u00eancia\u201d, finaliza.<\/p>\n\n\n\n<p><strong><em>Acompanhe tamb\u00e9m o SE Not\u00edcias no\u00a0<a rel=\"noreferrer noopener\" href=\"https:\/\/twitter.com\/Senoticias\" target=\"_blank\">Twitter<\/a>,\u00a0<a rel=\"noreferrer noopener\" href=\"https:\/\/www.facebook.com\/senoticias1\" target=\"_blank\">Facebook<\/a>\u00a0e no\u00a0<a rel=\"noreferrer noopener\" href=\"https:\/\/www.instagram.com\/senoticias\/\" target=\"_blank\">Instagram<\/a><\/em><\/strong>.<\/p>\n\n\n\n<p>Por Rodrigo Alves, da assessoria de imprensa<\/p>\n","protected":false},"excerpt":{"rendered":"<p>Dados da Organiza\u00e7\u00e3o Mundial de Sa\u00fade indicam que cerca de 6 milh\u00f5es de brasileiros t\u00eam uma curvatura significativa de escoliose, que n\u00e3o consiste em uma doen\u00e7a, mas sim em uma altera\u00e7\u00e3o para alguns dos lados da curvatura natural da coluna vertebral. O m\u00eas de junho foi escolhido para conscientizar sobre a import\u00e2ncia de uma avalia\u00e7\u00e3o [&hellip;]<\/p>\n","protected":false},"author":6557,"featured_media":0,"comment_status":"closed","ping_status":"closed","sticky":false,"template":"","format":"standard","meta":{"footnotes":""},"categories":[15,38],"tags":[36786,36787,36788,755,36789],"class_list":{"0":"post-133045","1":"post","2":"type-post","3":"status-publish","4":"format-standard","6":"category-destaques","7":"category-municipios","8":"tag-dra-leticia-gitaci","9":"tag-junho-verde-em-sergipe","10":"tag-leticia-gitaci","11":"tag-organizacao-mundial-de-saude","12":"tag-quiropraxista-dra-leticia-gitaci"},"_links":{"self":[{"href":"https:\/\/senoticias.com.br\/se\/wp-json\/wp\/v2\/posts\/133045"}],"collection":[{"href":"https:\/\/senoticias.com.br\/se\/wp-json\/wp\/v2\/posts"}],"about":[{"href":"https:\/\/senoticias.com.br\/se\/wp-json\/wp\/v2\/types\/post"}],"author":[{"embeddable":true,"href":"https:\/\/senoticias.com.br\/se\/wp-json\/wp\/v2\/users\/6557"}],"replies":[{"embeddable":true,"href":"https:\/\/senoticias.com.br\/se\/wp-json\/wp\/v2\/comments?post=133045"}],"version-history":[{"count":0,"href":"https:\/\/senoticias.com.br\/se\/wp-json\/wp\/v2\/posts\/133045\/revisions"}],"wp:attachment":[{"href":"https:\/\/senoticias.com.br\/se\/wp-json\/wp\/v2\/media?parent=133045"}],"wp:term":[{"taxonomy":"category","embeddable":true,"href":"https:\/\/senoticias.com.br\/se\/wp-json\/wp\/v2\/categories?post=133045"},{"taxonomy":"post_tag","embeddable":true,"href":"https:\/\/senoticias.com.br\/se\/wp-json\/wp\/v2\/tags?post=133045"}],"curies":[{"name":"wp","href":"https:\/\/api.w.org\/{rel}","templated":true}]}}