{"id":133032,"date":"2022-06-20T11:21:58","date_gmt":"2022-06-20T14:21:58","guid":{"rendered":"https:\/\/senoticias.com.br\/se\/?p=133032"},"modified":"2022-06-20T11:22:13","modified_gmt":"2022-06-20T14:22:13","slug":"motorista-de-aplicativo-e-passageiro-sao-executados-dentro-do-carro-em-aracaju","status":"publish","type":"post","link":"https:\/\/senoticias.com.br\/se\/motorista-de-aplicativo-e-passageiro-sao-executados-dentro-do-carro-em-aracaju\/","title":{"rendered":"Motorista de aplicativo e passageiro s\u00e3o executados dentro do carro em Aracaju"},"content":{"rendered":"\n<p>Um motorista de aplicativo e um passageiro foram executados dentro do carro na Pra\u00e7a Zedeclias da Silva Lemos, no Bairro Bugio, Zona Norte de Aracaju, na noite deste domingo (19).<\/p>\n\n\n\n<figure class=\"wp-block-image size-large\"><img loading=\"lazy\" decoding=\"async\" width=\"427\" height=\"262\" src=\"https:\/\/senoticias.com.br\/se\/wp-content\/uploads\/2022\/06\/WhatsApp-Image-2022-06-20-at-11.19.22.jpeg\" alt=\"\" class=\"wp-image-133033\" srcset=\"https:\/\/senoticias.com.br\/se\/wp-content\/uploads\/2022\/06\/WhatsApp-Image-2022-06-20-at-11.19.22.jpeg 427w, https:\/\/senoticias.com.br\/se\/wp-content\/uploads\/2022\/06\/WhatsApp-Image-2022-06-20-at-11.19.22-300x184.jpeg 300w\" sizes=\"(max-width: 427px) 100vw, 427px\" \/><figcaption>O passageiro passou por cirurgia ap\u00f3s sofrer uma tentativa de homic\u00eddio sofrida h\u00e1 tr\u00eas semanas. &#8211; Foto: Reprodu\u00e7\u00e3o\/Redes Sociais <\/figcaption><\/figure>\n\n\n\n<p>Segundo a Pol\u00edcia Militar, testemunhas viram dois homens efetuando v\u00e1rios disparos contra as v\u00edtimas e fugindo em uma motocicleta. As v\u00edtimas n\u00e3o resistiram aos ferimentos, vindo \u00e0 \u00f3bito no ve\u00edculo.<\/p>\n\n\n\n<p>A irm\u00e3 do passageiro informou que havia solicitado a corrida pelo seu celular momentos antes do crime. O homem passou por uma cirurgia no bra\u00e7o ap\u00f3s sofrer uma tentativa de homic\u00eddio h\u00e1 cerca de tr\u00eas semanas e recebia amea\u00e7as de morte, sendo obrigado a mudar de moradia por causa disso.<\/p>\n\n\n\n<p>Os corpos foram recolhidos pelo Instituto M\u00e9dico Legal. Informa\u00e7\u00f5es relacionadas ao duplo homic\u00eddio podem ser repassadas atrav\u00e9s do Disque-Den\u00fancia (181).<\/p>\n\n\n\n<p><strong><em>Acompanhe tamb\u00e9m o SE Not\u00edcias no&nbsp;<a rel=\"noreferrer noopener\" href=\"https:\/\/twitter.com\/Senoticias\" target=\"_blank\">Twitter<\/a>,&nbsp;<a rel=\"noreferrer noopener\" href=\"https:\/\/www.facebook.com\/senoticias1\" target=\"_blank\">Facebook<\/a>&nbsp;e no&nbsp;<a rel=\"noreferrer noopener\" href=\"https:\/\/www.instagram.com\/senoticias\/\" target=\"_blank\">Instagram<\/a><\/em><\/strong>.<\/p>\n\n\n\n<p>Fonte: A8 SE<\/p>\n","protected":false},"excerpt":{"rendered":"<p>Um motorista de aplicativo e um passageiro foram executados dentro do carro na Pra\u00e7a Zedeclias da Silva Lemos, no Bairro Bugio, Zona Norte de Aracaju, na noite deste domingo (19). Segundo a Pol\u00edcia Militar, testemunhas viram dois homens efetuando v\u00e1rios disparos contra as v\u00edtimas e fugindo em uma motocicleta. As v\u00edtimas n\u00e3o resistiram aos ferimentos, [&hellip;]<\/p>\n","protected":false},"author":6557,"featured_media":0,"comment_status":"closed","ping_status":"closed","sticky":false,"template":"","format":"standard","meta":{"footnotes":""},"categories":[15,7],"tags":[312,12166],"class_list":{"0":"post-133032","1":"post","2":"type-post","3":"status-publish","4":"format-standard","6":"category-destaques","7":"category-policia","8":"tag-assassinato","9":"tag-motorista-de-aplicativo"},"_links":{"self":[{"href":"https:\/\/senoticias.com.br\/se\/wp-json\/wp\/v2\/posts\/133032"}],"collection":[{"href":"https:\/\/senoticias.com.br\/se\/wp-json\/wp\/v2\/posts"}],"about":[{"href":"https:\/\/senoticias.com.br\/se\/wp-json\/wp\/v2\/types\/post"}],"author":[{"embeddable":true,"href":"https:\/\/senoticias.com.br\/se\/wp-json\/wp\/v2\/users\/6557"}],"replies":[{"embeddable":true,"href":"https:\/\/senoticias.com.br\/se\/wp-json\/wp\/v2\/comments?post=133032"}],"version-history":[{"count":0,"href":"https:\/\/senoticias.com.br\/se\/wp-json\/wp\/v2\/posts\/133032\/revisions"}],"wp:attachment":[{"href":"https:\/\/senoticias.com.br\/se\/wp-json\/wp\/v2\/media?parent=133032"}],"wp:term":[{"taxonomy":"category","embeddable":true,"href":"https:\/\/senoticias.com.br\/se\/wp-json\/wp\/v2\/categories?post=133032"},{"taxonomy":"post_tag","embeddable":true,"href":"https:\/\/senoticias.com.br\/se\/wp-json\/wp\/v2\/tags?post=133032"}],"curies":[{"name":"wp","href":"https:\/\/api.w.org\/{rel}","templated":true}]}}