{"id":133010,"date":"2022-06-17T09:25:52","date_gmt":"2022-06-17T12:25:52","guid":{"rendered":"https:\/\/senoticias.com.br\/se\/?p=133010"},"modified":"2022-06-17T09:39:31","modified_gmt":"2022-06-17T12:39:31","slug":"dfdfdfgdsg","status":"publish","type":"post","link":"https:\/\/senoticias.com.br\/se\/dfdfdfgdsg\/","title":{"rendered":"Caixa come\u00e7a a pagar parcela de junho do Aux\u00edlio Brasil e Aux\u00edlio G\u00e1s"},"content":{"rendered":"\n<p>A Caixa come\u00e7a a pagar hoje (17) a parcela de junho do Aux\u00edlio Brasil. Hoje recebem os benefici\u00e1rios com N\u00famero de Inscri\u00e7\u00e3o Social (NIS) com final 1. O valor m\u00ednimo do benef\u00edcio \u00e9 de R$ 400. As datas seguem o modelo do Bolsa Fam\u00edlia, que pagava os benefici\u00e1rios nos dez \u00faltimos dias \u00fateis do m\u00eas.<\/p>\n\n\n\n<figure class=\"wp-block-image size-large\"><img loading=\"lazy\" decoding=\"async\" width=\"585\" height=\"350\" src=\"https:\/\/senoticias.com.br\/se\/wp-content\/uploads\/2022\/06\/Auxilio-Gas-SE-Noticias.jpg\" alt=\"\" class=\"wp-image-133012\" srcset=\"https:\/\/senoticias.com.br\/se\/wp-content\/uploads\/2022\/06\/Auxilio-Gas-SE-Noticias.jpg 585w, https:\/\/senoticias.com.br\/se\/wp-content\/uploads\/2022\/06\/Auxilio-Gas-SE-Noticias-300x179.jpg 300w\" sizes=\"(max-width: 585px) 100vw, 585px\" \/><figcaption>Pagamento do Aux\u00edlio G\u00e1s tamb\u00e9m se inicia hoje &#8211; Foto: Marcelo Casal\/Abr<\/figcaption><\/figure>\n\n\n\n<p>O benefici\u00e1rio poder\u00e1 consultar informa\u00e7\u00f5es sobre as datas de pagamento, o valor do benef\u00edcio e a composi\u00e7\u00e3o das parcelas em dois aplicativos: Aux\u00edlio Brasil, desenvolvido para o programa social, e o aplicativo Caixa Tem, usado para acompanhar as contas poupan\u00e7a digitais do banco.<\/p>\n\n\n\n<p>Atualmente, 17,5 milh\u00f5es de fam\u00edlias s\u00e3o atendidas pelo programa. No in\u00edcio do ano, 3 milh\u00f5es de fam\u00edlias foram inclu\u00eddas no Aux\u00edlio Brasil.<\/p>\n\n\n\n<p><strong>Aux\u00edlio G\u00e1s<\/strong><br><br>O Aux\u00edlio G\u00e1s tamb\u00e9m \u00e9 pago hoje \u00e0s fam\u00edlias cadastradas no Cadastro \u00danico para Programas Sociais do Governo Federal (Cad\u00danico), com NIS final 1. Com valor de R$ 53 em junho, o benef\u00edcio segue o calend\u00e1rio regular de pagamentos do Aux\u00edlio Brasil.<\/p>\n\n\n\n<p>Com dura\u00e7\u00e3o prevista de cinco anos, o programa beneficiar\u00e1 5,5 milh\u00f5es de fam\u00edlias, at\u00e9 o fim de 2026, com o pagamento de 50% do pre\u00e7o m\u00e9dio do botij\u00e3o de 13 quilos, conforme valor calculado pela Ag\u00eancia Nacional do Petr\u00f3leo (ANP) nos \u00faltimos seis meses. Pago a cada dois meses, o Aux\u00edlio G\u00e1s tem or\u00e7amento de R$ 1,9 bilh\u00e3o para este ano.<\/p>\n\n\n\n<p>S\u00f3 pode fazer parte do programa quem est\u00e1 inclu\u00eddo no Cad\u00danico e tenha pelo menos um membro da fam\u00edlia que receba o Benef\u00edcio de Presta\u00e7\u00e3o Continuada (BPC).<\/p>\n\n\n\n<p>A lei que criou o programa definiu que a mulher respons\u00e1vel pela fam\u00edlia ter\u00e1 prefer\u00eancia, assim como mulheres v\u00edtimas de viol\u00eancia dom\u00e9stica.<\/p>\n\n\n\n<p><strong>Benef\u00edcios b\u00e1sicos<\/strong><br><br>O Aux\u00edlio Brasil tem tr\u00eas benef\u00edcios b\u00e1sicos e seis suplementares, que podem ser adicionados caso o benefici\u00e1rio consiga um emprego ou tenha um filho que se destaque em competi\u00e7\u00f5es esportivas ou em competi\u00e7\u00f5es cient\u00edficas e acad\u00eamicas.<\/p>\n\n\n\n<p>Podem receber o benef\u00edcio as fam\u00edlias com renda per capita de at\u00e9 R$ 100, consideradas em situa\u00e7\u00e3o de extrema pobreza, e aquelas com renda per capita de at\u00e9 R$ 200, consideradas em condi\u00e7\u00e3o de pobreza.<\/p>\n\n\n\n<p>A Ag\u00eancia Brasil elaborou um guia de perguntas e respostas sobre o Aux\u00edlio Brasil. Entre as d\u00favidas que o benefici\u00e1rio pode tirar est\u00e3o os crit\u00e9rios para integrar o programa social e o detalhamento dos nove tipos diferentes de benef\u00edcios.<\/p>\n\n\n\n<p><strong><em>Acompanhe tamb\u00e9m o SE Not\u00edcias no\u00a0<a rel=\"noreferrer noopener\" href=\"https:\/\/twitter.com\/Senoticias\" target=\"_blank\">Twitter<\/a>,\u00a0<a rel=\"noreferrer noopener\" href=\"https:\/\/www.facebook.com\/senoticias1\" target=\"_blank\">Facebook<\/a>\u00a0e no\u00a0<a rel=\"noreferrer noopener\" href=\"https:\/\/www.instagram.com\/senoticias\/\" target=\"_blank\">Instagram<\/a><\/em><\/strong>.<\/p>\n\n\n\n<p>Fonte: Ag\u00eancia Brasil<\/p>\n","protected":false},"excerpt":{"rendered":"<p>A Caixa come\u00e7a a pagar hoje (17) a parcela de junho do Aux\u00edlio Brasil. Hoje recebem os benefici\u00e1rios com N\u00famero de Inscri\u00e7\u00e3o Social (NIS) com final 1. O valor m\u00ednimo do benef\u00edcio \u00e9 de R$ 400. As datas seguem o modelo do Bolsa Fam\u00edlia, que pagava os benefici\u00e1rios nos dez \u00faltimos dias \u00fateis do m\u00eas. [&hellip;]<\/p>\n","protected":false},"author":6557,"featured_media":0,"comment_status":"closed","ping_status":"closed","sticky":false,"template":"","format":"standard","meta":{"footnotes":""},"categories":[15,2961],"tags":[35222,35234,36767],"class_list":{"0":"post-133010","1":"post","2":"type-post","3":"status-publish","4":"format-standard","6":"category-destaques","7":"category-nacional","8":"tag-auxilio-brasil","9":"tag-auxilio-gas","10":"tag-calendario-auxilio-gas"},"_links":{"self":[{"href":"https:\/\/senoticias.com.br\/se\/wp-json\/wp\/v2\/posts\/133010"}],"collection":[{"href":"https:\/\/senoticias.com.br\/se\/wp-json\/wp\/v2\/posts"}],"about":[{"href":"https:\/\/senoticias.com.br\/se\/wp-json\/wp\/v2\/types\/post"}],"author":[{"embeddable":true,"href":"https:\/\/senoticias.com.br\/se\/wp-json\/wp\/v2\/users\/6557"}],"replies":[{"embeddable":true,"href":"https:\/\/senoticias.com.br\/se\/wp-json\/wp\/v2\/comments?post=133010"}],"version-history":[{"count":0,"href":"https:\/\/senoticias.com.br\/se\/wp-json\/wp\/v2\/posts\/133010\/revisions"}],"wp:attachment":[{"href":"https:\/\/senoticias.com.br\/se\/wp-json\/wp\/v2\/media?parent=133010"}],"wp:term":[{"taxonomy":"category","embeddable":true,"href":"https:\/\/senoticias.com.br\/se\/wp-json\/wp\/v2\/categories?post=133010"},{"taxonomy":"post_tag","embeddable":true,"href":"https:\/\/senoticias.com.br\/se\/wp-json\/wp\/v2\/tags?post=133010"}],"curies":[{"name":"wp","href":"https:\/\/api.w.org\/{rel}","templated":true}]}}