{"id":132951,"date":"2022-06-11T07:11:47","date_gmt":"2022-06-11T10:11:47","guid":{"rendered":"https:\/\/senoticias.com.br\/se\/?p=132951"},"modified":"2022-06-11T07:24:33","modified_gmt":"2022-06-11T10:24:33","slug":"em-plenaria-rogerio-carvalho-anuncia-vinda-de-lula-a-sergipe-dia-18","status":"publish","type":"post","link":"https:\/\/senoticias.com.br\/se\/em-plenaria-rogerio-carvalho-anuncia-vinda-de-lula-a-sergipe-dia-18\/","title":{"rendered":"Em plen\u00e1ria, Rog\u00e9rio Carvalho anuncia vinda de Lula a Sergipe dia 18"},"content":{"rendered":"\n<p>Diante da anima\u00e7\u00e3o da milit\u00e2ncia da capital e Grande Aracaju, o pr\u00e9-candidato a governador de Sergipe senador Rog\u00e9rio Carvalho (PT) confirmou a vinda do ex-presidente da Rep\u00fablica Luiz In\u00e1cio Lula da Silva a Sergipe no pr\u00f3ximo dia 18, s\u00e1bado. Na ocasi\u00e3o, ele anunciou tamb\u00e9m nome do ex-deputado federal Valadares Filho (PSB) como seu pr\u00e9-candidato a senador e o deputado federal M\u00e1rcio Macedo (PT) como pr\u00e9-candidato a primeiro suplente de senador. O an\u00fancio foi feito durante a plen\u00e1ria realizada na noite desta sexta-feira, dia <strong>10, no Cotinguiba<\/strong>.<\/p>\n\n\n\n<figure class=\"wp-block-image size-large\"><img loading=\"lazy\" decoding=\"async\" width=\"597\" height=\"449\" src=\"https:\/\/senoticias.com.br\/se\/wp-content\/uploads\/2022\/06\/Rogerio-e-Marcos-santana-SE-Noticias.jpg\" alt=\"\" class=\"wp-image-132953\" srcset=\"https:\/\/senoticias.com.br\/se\/wp-content\/uploads\/2022\/06\/Rogerio-e-Marcos-santana-SE-Noticias.jpg 597w, https:\/\/senoticias.com.br\/se\/wp-content\/uploads\/2022\/06\/Rogerio-e-Marcos-santana-SE-Noticias-300x226.jpg 300w, https:\/\/senoticias.com.br\/se\/wp-content\/uploads\/2022\/06\/Rogerio-e-Marcos-santana-SE-Noticias-45x35.jpg 45w\" sizes=\"(max-width: 597px) 100vw, 597px\" \/><figcaption>O prefeito de S\u00e3o Crist\u00f3v\u00e3o, Marcos Santana, esteve presente no ato de Rog\u00e9rio Carvalho &#8211; Foto: Dandara Prado<\/figcaption><\/figure>\n\n\n\n<p>\u201cHoje n\u00e3o estamos fazendo lan\u00e7amento de chapa, isso ser\u00e1 num momento pr\u00f3ximo, na vinda do presidente Lula. Estamos hoje fazendo o an\u00fancio dos nossos pr\u00e9-candidatos para a nossa milit\u00e2ncia conhecer e para que n\u00e3o se tenha d\u00favida sobre quem ser\u00e1 nosso pr\u00e9-candidato ao Senado\u201d, disse Rog\u00e9rio.<\/p>\n\n\n\n<p>Rog\u00e9rio afirmou que essa plen\u00e1ria foi um marco, porque destr\u00f3i v\u00e1rios argumentos que usaram contra o PT e sua pr\u00e9-candidatura. \u201cFalaram que o PT tinha se acabado, que n\u00e3o tinha milit\u00e2ncia e a prova est\u00e1 aqui, mostrando a for\u00e7a de um partido que sabe construir parcerias e reconhecer a import\u00e2ncia de seus aliados\u201d, disse.<\/p>\n\n\n\n<p>Ao destacar a for\u00e7a do PT, o pr\u00e9-candidato afirmou que essa alian\u00e7a n\u00e3o vai temer a for\u00e7a das m\u00e1quinas administrativas que acham que v\u00e3o ganhar as elei\u00e7\u00f5es. \u201cVenham com a m\u00e1quina que vier, ningu\u00e9m vence a ideia de um povo que quer mais para seu estado\u201d, afirmou Rog\u00e9rio.<\/p>\n\n\n\n<p>Para ele, o ato desta sexta-feira deixou claro que esta alian\u00e7a tem pr\u00e9-candidatura ao governo de Sergipe pra valer. \u201cChega de enganar o povo, de mentira e ila\u00e7\u00f5es. Essa \u00e9 a chapa e o palanque de Lula, n\u00e3o haver\u00e1 outro\u201d, garantiu.<\/p>\n\n\n\n<p><strong>Companheiros<\/strong><\/p>\n\n\n\n<p>Assim como Geraldo Alckmin, pr\u00e9-candidato a vice-presidente junto com Lula e seu correligion\u00e1rio, Valadares Filho disse que nenhuma diferen\u00e7a ou diverg\u00eancia do passado poderia lhe tirar do trilho da democracia. Ele agradeceu a confian\u00e7a da alian\u00e7a com a sua indica\u00e7\u00e3o e a M\u00e1rcio por seu gesto demonstra a grandiosidade de um grande companheiro que n\u00e3o vai abandonar nosso estado por nenhum projeto nacional e vai estar ao seu lado na chapa majorit\u00e1ria.<\/p>\n\n\n\n<p>\u201cSei da imensa responsabilidade que carrego em ser pr\u00e9-candidato a senador nesta alian\u00e7a num momento t\u00e3o importante para o futuro do pa\u00eds quando vamos levar de volta \u00e0 Presid\u00eancia o homem que mais ajudou os mais carentes e que mais ajudou a desenvolver esse pa\u00eds . A tarefa de vencer a elei\u00e7\u00e3o ser\u00e1 com a gente, a milit\u00e2ncia\u201d, disse Valadares Filho.<\/p>\n\n\n\n<p>M\u00e1rcio Macedo participou da plen\u00e1ria atrav\u00e9s de v\u00eddeo, pois estava em Bras\u00edlia, onde acompanhou o julgamento no Supremo Tribunal Federal que lhe reconduziu ao cargo de deputado federal.<\/p>\n\n\n\n<p>\u201cEste \u00e9 um momento de muita alegria para mim por dois motivos: por estar reconquistado o mandato e por estar lan\u00e7ando esse movimento Juntos por Brasil e por Sergipe e ter sido indicado como primeiro suplente de senador\u201d, disse.<\/p>\n\n\n\n<p><strong>Uni\u00e3o<\/strong><\/p>\n\n\n\n<p>A plen\u00e1ria desta sexta-feira, dia 10, mostrou a unidade existente dentro do PT de Sergipe em torno da pr\u00e9-candidatura de Rog\u00e9rio Carvalho a governador. As lideran\u00e7as e a milit\u00e2ncia do partido das diversas correntes estiveram presentes, lotando o Cotinguiba, reafirmando o apoio e a import\u00e2ncia da escolha de Rog\u00e9rio para o desenvolvimento do estado. Uni\u00e3o e apoio vindo tamb\u00e9m dos partidos que j\u00e1 se somaram \u00e0 constru\u00e7\u00e3o da pr\u00e9-campanha pelo Sergipe de todos \u2013 PSB, PV, PCdoB e Solidariedade \u2013 e dos movimentos sociais, sindicais e do campo que tamb\u00e9m participaram da plen\u00e1ria.<\/p>\n\n\n\n<p>Al\u00e9m de um momento de uni\u00e3o, foi um momento de abra\u00e7ar os sonhos dos sergipanos, sonhos, que segundo o pr\u00e9-candidato, est\u00e3o prestes a virar realidade. Para Rog\u00e9rio, a plen\u00e1ria dessa sexta marca mais um grande passo para o reencontro com aquele Brasil e aquele Sergipe que as pessoas sentem saudade.<\/p>\n\n\n\n<p>\u201cSergipe sente saudade do PT. Sente saudade de tudo que constru\u00edmos aqui no estado e no Brasil e que, nos \u00faltimos anos, vem sendo destru\u00eddo, abandonado. Por isso queremos promover o desenvolvimento em Sergipe, com compromisso e alinhado a um projeto nacional que tamb\u00e9m tenha essa sensibilidade\u201d, destacou Rog\u00e9rio Carvalho.<\/p>\n\n\n\n<p>O pr\u00e9-candidato ressaltou que esse desenvolvimento do estado s\u00f3 se dar\u00e1 a partir de um alinhamento com um projeto nacional que tenha a mesma vis\u00e3o desenvolvimentista. \u00c9 do petr\u00f3leo e dos min\u00e9rios que vem a principal fonte de riqueza de Sergipe, atividades econ\u00f4micas que necessitam de pol\u00edticas e decis\u00f5es do governo federal. \u201cMas hoje temos um governo federal que est\u00e1 destruindo esse patrim\u00f4nio p\u00fablico. Precisamos defender a nossa soberania para garantir nosso desenvolvimento, e isso s\u00f3 vai ser poss\u00edvel com uma mudan\u00e7a no governo federal\u201d, disse.<\/p>\n\n\n\n<p><strong>Juntos Pelo Brasil e Por Sergipe<\/strong><\/p>\n\n\n\n<p>E \u00e9 a uni\u00e3o de todos, na defesa da soberania, de um pa\u00eds e um Sergipe desenvolvido, que garanta emprego, renda, condi\u00e7\u00f5es de vida para que os sergipanos e sergipanas possam ter restaurados seus direitos, como se alimentar, que s\u00e3o os objetivos do Movimento Juntos Pelo Brasil e Por Sergipe, que foi lan\u00e7ado durante a plen\u00e1ria desta sexta.<\/p>\n\n\n\n<p>\u201cPrecisamos retomar o crescimento do Brasil e tamb\u00e9m da economia em Sergipe, precisamos melhorar a vida das pessoas, trazer mais empregos para nosso povo e s\u00f3 vamos conseguir isso a partir desse movimento, dessa parceria junto com Lula e os sergipanos e sergipanas conosco na constru\u00e7\u00e3o desse projeto para Sergipe\u201d, frisou Rog\u00e9rio.<\/p>\n\n\n\n<p><strong><em>Acompanhe tamb\u00e9m o SE Not\u00edcias no\u00a0<a rel=\"noreferrer noopener\" href=\"https:\/\/twitter.com\/Senoticias\" target=\"_blank\">Twitter<\/a>,\u00a0<a rel=\"noreferrer noopener\" href=\"https:\/\/www.facebook.com\/senoticias1\" target=\"_blank\">Facebook<\/a>\u00a0e no\u00a0<a rel=\"noreferrer noopener\" href=\"https:\/\/www.instagram.com\/senoticias\/\" target=\"_blank\">Instagram<\/a><\/em><\/strong>.<\/p>\n\n\n\n<p>Fonte: ascom\/PT<\/p>\n\n\n\n<p><\/p>\n","protected":false},"excerpt":{"rendered":"<p>Diante da anima\u00e7\u00e3o da milit\u00e2ncia da capital e Grande Aracaju, o pr\u00e9-candidato a governador de Sergipe senador Rog\u00e9rio Carvalho (PT) confirmou a vinda do ex-presidente da Rep\u00fablica Luiz In\u00e1cio Lula da Silva a Sergipe no pr\u00f3ximo dia 18, s\u00e1bado. Na ocasi\u00e3o, ele anunciou tamb\u00e9m nome do ex-deputado federal Valadares Filho (PSB) como seu pr\u00e9-candidato a [&hellip;]<\/p>\n","protected":false},"author":6557,"featured_media":0,"comment_status":"closed","ping_status":"closed","sticky":false,"template":"","format":"standard","meta":{"footnotes":""},"categories":[15,6,1],"tags":[12125,90,1498,3461,12855],"class_list":{"0":"post-132951","1":"post","2":"type-post","3":"status-publish","4":"format-standard","6":"category-destaques","7":"category-politica","8":"category-sem-categoria","9":"tag-eleicoes-2022","10":"tag-lula","11":"tag-marcos-santana","12":"tag-rogerio-carvalho","13":"tag-senador-rogerio-carvalho"},"_links":{"self":[{"href":"https:\/\/senoticias.com.br\/se\/wp-json\/wp\/v2\/posts\/132951"}],"collection":[{"href":"https:\/\/senoticias.com.br\/se\/wp-json\/wp\/v2\/posts"}],"about":[{"href":"https:\/\/senoticias.com.br\/se\/wp-json\/wp\/v2\/types\/post"}],"author":[{"embeddable":true,"href":"https:\/\/senoticias.com.br\/se\/wp-json\/wp\/v2\/users\/6557"}],"replies":[{"embeddable":true,"href":"https:\/\/senoticias.com.br\/se\/wp-json\/wp\/v2\/comments?post=132951"}],"version-history":[{"count":0,"href":"https:\/\/senoticias.com.br\/se\/wp-json\/wp\/v2\/posts\/132951\/revisions"}],"wp:attachment":[{"href":"https:\/\/senoticias.com.br\/se\/wp-json\/wp\/v2\/media?parent=132951"}],"wp:term":[{"taxonomy":"category","embeddable":true,"href":"https:\/\/senoticias.com.br\/se\/wp-json\/wp\/v2\/categories?post=132951"},{"taxonomy":"post_tag","embeddable":true,"href":"https:\/\/senoticias.com.br\/se\/wp-json\/wp\/v2\/tags?post=132951"}],"curies":[{"name":"wp","href":"https:\/\/api.w.org\/{rel}","templated":true}]}}