{"id":132894,"date":"2022-06-06T07:07:33","date_gmt":"2022-06-06T10:07:33","guid":{"rendered":"https:\/\/senoticias.com.br\/se\/?p=132894"},"modified":"2022-06-06T07:07:41","modified_gmt":"2022-06-06T10:07:41","slug":"corpo-carbonizado-dentro-de-carro-com-placa-de-pernambuco-e-encontrado-em-sergipe","status":"publish","type":"post","link":"https:\/\/senoticias.com.br\/se\/corpo-carbonizado-dentro-de-carro-com-placa-de-pernambuco-e-encontrado-em-sergipe\/","title":{"rendered":"Corpo carbonizado dentro de carro com placa de Pernambuco \u00e9 encontrado em Sergipe"},"content":{"rendered":"\n<p>Um corpo totalmente carbonizado foi encontrado dentro do carro em uma \u00e1rea de matagal localizada na Estrada da T\u00e1bua, entre os  munic\u00edpios de Laranjeiras e S\u00e3o Crist\u00f3v\u00e3o, neste domingo, 6.<\/p>\n\n\n\n<figure class=\"wp-block-image size-large\"><img loading=\"lazy\" decoding=\"async\" width=\"562\" height=\"422\" src=\"https:\/\/senoticias.com.br\/se\/wp-content\/uploads\/2022\/06\/Corpo-carbonizado-SE-Noticias.jpeg\" alt=\"\" class=\"wp-image-132895\" srcset=\"https:\/\/senoticias.com.br\/se\/wp-content\/uploads\/2022\/06\/Corpo-carbonizado-SE-Noticias.jpeg 562w, https:\/\/senoticias.com.br\/se\/wp-content\/uploads\/2022\/06\/Corpo-carbonizado-SE-Noticias-300x225.jpeg 300w, https:\/\/senoticias.com.br\/se\/wp-content\/uploads\/2022\/06\/Corpo-carbonizado-SE-Noticias-45x35.jpeg 45w\" sizes=\"(max-width: 562px) 100vw, 562px\" \/><figcaption>O corpo estava no banco traseiro do ve\u00edculo de placa PEW 2490 &#8211; Foto: PM\/SE<\/figcaption><\/figure>\n\n\n\n<p>Segundo a Pol\u00edcia Militar, a v\u00edtima estava no banco traseiro do ve\u00edculo, que tinha placa policial e tamb\u00e9m foi destru\u00eddo pelas chamas. A identidade e causa da morte ainda s\u00e3o desconhecidas.<\/p>\n\n\n\n<p>O cad\u00e1ver foi resgatado pelo Corpo de Bombeiros e ser\u00e1 periciado no Instituto M\u00e9dico Legal. Informa\u00e7\u00f5es relacionadas ao caso podem ser repassadas atrav\u00e9s do Disque-Den\u00fancia (181).<\/p>\n\n\n\n<p><strong><em>Acompanhe tamb\u00e9m o SE Not\u00edcias no\u00a0<a rel=\"noreferrer noopener\" href=\"https:\/\/twitter.com\/Senoticias\" target=\"_blank\">Twitter<\/a>,\u00a0<a rel=\"noreferrer noopener\" href=\"https:\/\/www.facebook.com\/senoticias1\" target=\"_blank\">Facebook<\/a>\u00a0e no\u00a0<a rel=\"noreferrer noopener\" href=\"https:\/\/www.instagram.com\/senoticias\/\" target=\"_blank\">Instagram<\/a><\/em><\/strong>.<\/p>\n\n\n\n<p>Fonte: A8SE e PM\/SE<\/p>\n","protected":false},"excerpt":{"rendered":"<p>Um corpo totalmente carbonizado foi encontrado dentro do carro em uma \u00e1rea de matagal localizada na Estrada da T\u00e1bua, entre os munic\u00edpios de Laranjeiras e S\u00e3o Crist\u00f3v\u00e3o, neste domingo, 6. Segundo a Pol\u00edcia Militar, a v\u00edtima estava no banco traseiro do ve\u00edculo, que tinha placa policial e tamb\u00e9m foi destru\u00eddo pelas chamas. A identidade e [&hellip;]<\/p>\n","protected":false},"author":6557,"featured_media":0,"comment_status":"closed","ping_status":"closed","sticky":false,"template":"","format":"standard","meta":{"footnotes":""},"categories":[15,7],"tags":[235,36707],"class_list":{"0":"post-132894","1":"post","2":"type-post","3":"status-publish","4":"format-standard","6":"category-destaques","7":"category-policia","8":"tag-corpo-carbonizado","9":"tag-corpo-encontrado-em-canavial"},"_links":{"self":[{"href":"https:\/\/senoticias.com.br\/se\/wp-json\/wp\/v2\/posts\/132894"}],"collection":[{"href":"https:\/\/senoticias.com.br\/se\/wp-json\/wp\/v2\/posts"}],"about":[{"href":"https:\/\/senoticias.com.br\/se\/wp-json\/wp\/v2\/types\/post"}],"author":[{"embeddable":true,"href":"https:\/\/senoticias.com.br\/se\/wp-json\/wp\/v2\/users\/6557"}],"replies":[{"embeddable":true,"href":"https:\/\/senoticias.com.br\/se\/wp-json\/wp\/v2\/comments?post=132894"}],"version-history":[{"count":0,"href":"https:\/\/senoticias.com.br\/se\/wp-json\/wp\/v2\/posts\/132894\/revisions"}],"wp:attachment":[{"href":"https:\/\/senoticias.com.br\/se\/wp-json\/wp\/v2\/media?parent=132894"}],"wp:term":[{"taxonomy":"category","embeddable":true,"href":"https:\/\/senoticias.com.br\/se\/wp-json\/wp\/v2\/categories?post=132894"},{"taxonomy":"post_tag","embeddable":true,"href":"https:\/\/senoticias.com.br\/se\/wp-json\/wp\/v2\/tags?post=132894"}],"curies":[{"name":"wp","href":"https:\/\/api.w.org\/{rel}","templated":true}]}}