{"id":132893,"date":"2022-06-05T21:20:59","date_gmt":"2022-06-06T00:20:59","guid":{"rendered":"https:\/\/senoticias.com.br\/se\/?p=132893"},"modified":"2022-06-05T21:31:53","modified_gmt":"2022-06-06T00:31:53","slug":"ufs-tera-horario-especial-durante-o-recesso-academico-e-funcionamento-do-resun-em-sao-cristovao","status":"publish","type":"post","link":"https:\/\/senoticias.com.br\/se\/ufs-tera-horario-especial-durante-o-recesso-academico-e-funcionamento-do-resun-em-sao-cristovao\/","title":{"rendered":"UFS ter\u00e1 hor\u00e1rio especial durante o recesso acad\u00eamico e funcionamento do Resun em S\u00e3o Crist\u00f3v\u00e3o"},"content":{"rendered":"\n<p><\/p>\n\n\n\n<p>A Portaria n\u00ba 519, do Gabinete do Reitor, estabeleceu hor\u00e1rio especial de funcionamento durante o recesso acad\u00eamico para os campi de S\u00e3o Crist\u00f3v\u00e3o, Itabaiana e Laranjeiras. As unidades passar\u00e3o a funcionar das 7h \u00e0s 17h, durante o per\u00edodo de 6 de junho a 2 de julho.<\/p>\n\n\n\n<figure class=\"wp-block-image size-large\"><img loading=\"lazy\" decoding=\"async\" width=\"530\" height=\"330\" src=\"https:\/\/senoticias.com.br\/se\/wp-content\/uploads\/2020\/07\/ufs_arquivoinfonet_250818.jpg\" alt=\"\" class=\"wp-image-124463\" srcset=\"https:\/\/senoticias.com.br\/se\/wp-content\/uploads\/2020\/07\/ufs_arquivoinfonet_250818.jpg 530w, https:\/\/senoticias.com.br\/se\/wp-content\/uploads\/2020\/07\/ufs_arquivoinfonet_250818-300x187.jpg 300w, https:\/\/senoticias.com.br\/se\/wp-content\/uploads\/2020\/07\/ufs_arquivoinfonet_250818-120x76.jpg 120w, https:\/\/senoticias.com.br\/se\/wp-content\/uploads\/2020\/07\/ufs_arquivoinfonet_250818-308x192.jpg 308w\" sizes=\"(max-width: 530px) 100vw, 530px\" \/><figcaption> UFS ter\u00e1 hor\u00e1rio especial durante o recesso  &#8211; Foto: arquivo\/SE Not\u00edcias<\/figcaption><\/figure>\n\n\n\n<p>A medida visa a racionaliza\u00e7\u00e3o administrativa e de custos e n\u00e3o se aplica aos campi de Lagarto e do Sert\u00e3o, que possuem calend\u00e1rio acad\u00eamico diverso. O Col\u00e9gio de Aplica\u00e7\u00e3o (Codap) dever\u00e1 funcionar no hor\u00e1rio normal de servi\u00e7o e atendimento.<\/p>\n\n\n\n<p><strong>Restaurante Universit\u00e1rio<\/strong><\/p>\n\n\n\n<p>O Restaurante Universit\u00e1rio de S\u00e3o Crist\u00f3v\u00e3o funcionar\u00e1 durante parte do recesso pela primeira vez. Do per\u00edodo de 6 a 22 de junho, ser\u00e3o fornecidas as refei\u00e7\u00f5es do almo\u00e7o excepcionalmente de 11h \u00e0s 13h e, para os estudantes do Codap, tamb\u00e9m haver\u00e1 o lanche. Na \u00faltima semana de junho, o funcionamento ser\u00e1 suspenso para a realiza\u00e7\u00e3o de manuten\u00e7\u00e3o predial.<\/p>\n\n\n\n<p>A Pr\u00f3-Reitoria de Assuntos Estudantis (Proest) informa que, na volta \u00e0s aulas, os restaurantes universit\u00e1rios de Aracaju e Laranjeiras passar\u00e3o para a modalidade de distribui\u00e7\u00e3o servida no prato. As altera\u00e7\u00f5es estruturais nos restaurante ser\u00e3o feitas durante o per\u00edodo de recesso acad\u00eamico.<\/p>\n\n\n\n<p><strong>Retorno 100% presencial<\/strong><\/p>\n\n\n\n<p>Atrav\u00e9s da Portaria n\u00ba 518\/GR, a UFS determinou o retorno ao trabalho na modalidade presencial dos servidores t\u00e9cnico-administrativos e docentes a partir da pr\u00f3xima segunda-feira, 6 de junho. A medida segue Instru\u00e7\u00e3o Normativa do Minist\u00e9rio da Economia e resolu\u00e7\u00e3o do Conselho Universit\u00e1rio, que j\u00e1 havia determinado o avan\u00e7o para a Fase 4 do plano de retormada.<\/p>\n\n\n\n<p>O texto informa que nenhum servidor poder\u00e1 permanecer em trabalho remoto por decorr\u00eancia da pandemia de Covid-19, uma vez que cessou o estado de emerg\u00eancia em sa\u00fade p\u00fablica, e refor\u00e7a medidas como a perman\u00eancia do uso obrigat\u00f3rio de m\u00e1scaras em ambientes fechados, sendo seu uso recomendado tamb\u00e9m nos espa\u00e7os abertos.<\/p>\n\n\n\n<p>O registro de frequ\u00eancia deve seguir as normas definidas e editadas pela Progep.<\/p>\n\n\n\n<p>Servidores, trabalhadores terceirizados e discentes devem apresentar comprovante de vacina\u00e7\u00e3o contra a Covid-19, n\u00e3o sendo permitido o acesso \u00e0s depend\u00eancias f\u00edsicas sem a referida comprova\u00e7\u00e3o.<\/p>\n\n\n\n<p><strong><em>Acompanhe tamb\u00e9m o SE Not\u00edcias no\u00a0<a rel=\"noreferrer noopener\" href=\"https:\/\/twitter.com\/Senoticias\" target=\"_blank\">Twitter<\/a>,\u00a0<a rel=\"noreferrer noopener\" href=\"https:\/\/www.facebook.com\/senoticias1\" target=\"_blank\">Facebook<\/a>\u00a0e no\u00a0<a rel=\"noreferrer noopener\" href=\"https:\/\/www.instagram.com\/senoticias\/\" target=\"_blank\">Instagram<\/a><\/em><\/strong>.<\/p>\n\n\n\n<p>Fonte: UFS<\/p>\n","protected":false},"excerpt":{"rendered":"<p>A Portaria n\u00ba 519, do Gabinete do Reitor, estabeleceu hor\u00e1rio especial de funcionamento durante o recesso acad\u00eamico para os campi de S\u00e3o Crist\u00f3v\u00e3o, Itabaiana e Laranjeiras. As unidades passar\u00e3o a funcionar das 7h \u00e0s 17h, durante o per\u00edodo de 6 de junho a 2 de julho. A medida visa a racionaliza\u00e7\u00e3o administrativa e de custos [&hellip;]<\/p>\n","protected":false},"author":6557,"featured_media":0,"comment_status":"closed","ping_status":"closed","sticky":false,"template":"","format":"standard","meta":{"footnotes":""},"categories":[15,38,1],"tags":[36706,36704,36705,13919,2299],"class_list":{"0":"post-132893","1":"post","2":"type-post","3":"status-publish","4":"format-standard","6":"category-destaques","7":"category-municipios","8":"category-sem-categoria","9":"tag-campi-de-sao-cristovao","10":"tag-horario-especial-ufs","11":"tag-recesso-academico","12":"tag-resun","13":"tag-ufs"},"_links":{"self":[{"href":"https:\/\/senoticias.com.br\/se\/wp-json\/wp\/v2\/posts\/132893"}],"collection":[{"href":"https:\/\/senoticias.com.br\/se\/wp-json\/wp\/v2\/posts"}],"about":[{"href":"https:\/\/senoticias.com.br\/se\/wp-json\/wp\/v2\/types\/post"}],"author":[{"embeddable":true,"href":"https:\/\/senoticias.com.br\/se\/wp-json\/wp\/v2\/users\/6557"}],"replies":[{"embeddable":true,"href":"https:\/\/senoticias.com.br\/se\/wp-json\/wp\/v2\/comments?post=132893"}],"version-history":[{"count":0,"href":"https:\/\/senoticias.com.br\/se\/wp-json\/wp\/v2\/posts\/132893\/revisions"}],"wp:attachment":[{"href":"https:\/\/senoticias.com.br\/se\/wp-json\/wp\/v2\/media?parent=132893"}],"wp:term":[{"taxonomy":"category","embeddable":true,"href":"https:\/\/senoticias.com.br\/se\/wp-json\/wp\/v2\/categories?post=132893"},{"taxonomy":"post_tag","embeddable":true,"href":"https:\/\/senoticias.com.br\/se\/wp-json\/wp\/v2\/tags?post=132893"}],"curies":[{"name":"wp","href":"https:\/\/api.w.org\/{rel}","templated":true}]}}