{"id":132888,"date":"2022-06-04T20:33:37","date_gmt":"2022-06-04T23:33:37","guid":{"rendered":"https:\/\/senoticias.com.br\/se\/?p=132888"},"modified":"2022-06-04T20:33:46","modified_gmt":"2022-06-04T23:33:46","slug":"ministerio-da-saude-amplia-quarta-dose-para-pessoas-acima-de-50-anos","status":"publish","type":"post","link":"https:\/\/senoticias.com.br\/se\/ministerio-da-saude-amplia-quarta-dose-para-pessoas-acima-de-50-anos\/","title":{"rendered":"Minist\u00e9rio da Sa\u00fade amplia quarta dose para pessoas acima de 50 anos"},"content":{"rendered":"\n<p><\/p>\n\n\n\n<p>A partir de hoje (4), pessoas a partir de 50 anos de idade e trabalhadores da sa\u00fade de todas as idades podem tomar a segunda dose de refor\u00e7o da vacina contra a covid-19 em todo Brasil. O Minist\u00e9rio da Sa\u00fade publicou, neste s\u00e1bado, duas notas t\u00e9cnicas que ampliam a aplica\u00e7\u00e3o da quarta dose.<\/p>\n\n\n\n<figure class=\"wp-block-image size-large\"><img loading=\"lazy\" decoding=\"async\" width=\"564\" height=\"376\" src=\"https:\/\/senoticias.com.br\/se\/wp-content\/uploads\/2021\/11\/Vacina-SE-Noticias.jpg\" alt=\"\" class=\"wp-image-130543\" srcset=\"https:\/\/senoticias.com.br\/se\/wp-content\/uploads\/2021\/11\/Vacina-SE-Noticias.jpg 564w, https:\/\/senoticias.com.br\/se\/wp-content\/uploads\/2021\/11\/Vacina-SE-Noticias-300x200.jpg 300w, https:\/\/senoticias.com.br\/se\/wp-content\/uploads\/2021\/11\/Vacina-SE-Noticias-90x60.jpg 90w, https:\/\/senoticias.com.br\/se\/wp-content\/uploads\/2021\/11\/Vacina-SE-Noticias-180x120.jpg 180w, https:\/\/senoticias.com.br\/se\/wp-content\/uploads\/2021\/11\/Vacina-SE-Noticias-95x64.jpg 95w\" sizes=\"(max-width: 564px) 100vw, 564px\" \/><figcaption> Profissionais da sa\u00fade tamb\u00e9m poder\u00e3o tomar dose adicional &#8211; Foto: arquivo\/Abr<\/figcaption><\/figure>\n\n\n\n<p>Anunciada na quinta-feira (2) pelo ministro Marcelo Queiroga, a medida foi oficializada hoje. A recomenda\u00e7\u00e3o vale para quem tomou a primeira dose de refor\u00e7o h\u00e1 pelo menos quatro meses.<\/p>\n\n\n\n<p>Em nota, o Minist\u00e9rio da Sa\u00fade informou que as notas t\u00e9cnicas consideram a necessidade de refor\u00e7ar a imuniza\u00e7\u00e3o nessa faixa et\u00e1ria e para os trabalhadores que est\u00e3o na linha de frente dos servi\u00e7os de sa\u00fade, com maior risco de contamina\u00e7\u00e3o. As vacinas da Pfizer, Janssen e AstraZeneca podem ser usadas, independentemente da dose aplicada anteriormente.<\/p>\n\n\n\n<p>A pasta destacou que a combina\u00e7\u00e3o de vacinas diferentes para a dose de refor\u00e7o tem se revelado eficiente em aumentar a imuniza\u00e7\u00e3o. \u201cUma pesquisa feita pela Universidade de Oxford, no Reino Unido, encomendada pelo Minist\u00e9rio da Sa\u00fade, mostrou que a combina\u00e7\u00e3o heter\u00f3loga para a dose de refor\u00e7o, ou seja, de vacinas diferentes, \u00e9 mais eficaz\u201d.<\/p>\n\n\n\n<p>\u201cOs resultados mostraram ainda que a dose de refor\u00e7o pode aumentar em at\u00e9 100 vezes a produ\u00e7\u00e3o de anticorpos contra a covid-19. At\u00e9 agora, mais de 4,5 milh\u00f5es de brasileiros tomaram a segunda dose de refor\u00e7o\u201d, ressaltou o comunicado.<\/p>\n\n\n\n<p><strong>Orienta\u00e7\u00f5es<\/strong><\/p>\n\n\n\n<p>O Minist\u00e9rio da Sa\u00fade pediu que estados e munic\u00edpios sigam as orienta\u00e7\u00f5es da pasta para a campanha nacional de vacina\u00e7\u00e3o contra a covid-19. Segundo a pasta, a distribui\u00e7\u00e3o das doses \u00e9 feita de forma equ\u00e2nime e proporcional em todo o pa\u00eds, conforme a necessidade de cada unidade federativa.<\/p>\n\n\n\n<p>At\u00e9 agora, informou o minist\u00e9rio, o governo federal distribuiu quase 500 milh\u00f5es de doses em todo o Brasil, garantindo a prote\u00e7\u00e3o de 77% da popula\u00e7\u00e3o com as duas doses. Mais de 85,9 milh\u00f5es de pessoas tomaram a primeira dose de refor\u00e7o.<\/p>\n\n\n\n<p><strong><em>Acompanhe tamb\u00e9m o SE Not\u00edcias no\u00a0<a rel=\"noreferrer noopener\" href=\"https:\/\/twitter.com\/Senoticias\" target=\"_blank\">Twitter<\/a>,\u00a0<a rel=\"noreferrer noopener\" href=\"https:\/\/www.facebook.com\/senoticias1\" target=\"_blank\">Facebook<\/a>\u00a0e no\u00a0<a rel=\"noreferrer noopener\" href=\"https:\/\/www.instagram.com\/senoticias\/\" target=\"_blank\">Instagram<\/a><\/em><\/strong>.<\/p>\n\n\n\n<p>Fonte: Ag\u00eancia Brasil<\/p>\n","protected":false},"excerpt":{"rendered":"<p>A partir de hoje (4), pessoas a partir de 50 anos de idade e trabalhadores da sa\u00fade de todas as idades podem tomar a segunda dose de refor\u00e7o da vacina contra a covid-19 em todo Brasil. O Minist\u00e9rio da Sa\u00fade publicou, neste s\u00e1bado, duas notas t\u00e9cnicas que ampliam a aplica\u00e7\u00e3o da quarta dose. Anunciada na [&hellip;]<\/p>\n","protected":false},"author":6557,"featured_media":0,"comment_status":"closed","ping_status":"closed","sticky":false,"template":"","format":"standard","meta":{"footnotes":""},"categories":[15,6],"tags":[36703,36702,16151],"class_list":{"0":"post-132888","1":"post","2":"type-post","3":"status-publish","4":"format-standard","6":"category-destaques","7":"category-politica","8":"tag-pessoas-acima-de-50-anos","9":"tag-quarta-dose","10":"tag-vacina-covid19"},"_links":{"self":[{"href":"https:\/\/senoticias.com.br\/se\/wp-json\/wp\/v2\/posts\/132888"}],"collection":[{"href":"https:\/\/senoticias.com.br\/se\/wp-json\/wp\/v2\/posts"}],"about":[{"href":"https:\/\/senoticias.com.br\/se\/wp-json\/wp\/v2\/types\/post"}],"author":[{"embeddable":true,"href":"https:\/\/senoticias.com.br\/se\/wp-json\/wp\/v2\/users\/6557"}],"replies":[{"embeddable":true,"href":"https:\/\/senoticias.com.br\/se\/wp-json\/wp\/v2\/comments?post=132888"}],"version-history":[{"count":0,"href":"https:\/\/senoticias.com.br\/se\/wp-json\/wp\/v2\/posts\/132888\/revisions"}],"wp:attachment":[{"href":"https:\/\/senoticias.com.br\/se\/wp-json\/wp\/v2\/media?parent=132888"}],"wp:term":[{"taxonomy":"category","embeddable":true,"href":"https:\/\/senoticias.com.br\/se\/wp-json\/wp\/v2\/categories?post=132888"},{"taxonomy":"post_tag","embeddable":true,"href":"https:\/\/senoticias.com.br\/se\/wp-json\/wp\/v2\/tags?post=132888"}],"curies":[{"name":"wp","href":"https:\/\/api.w.org\/{rel}","templated":true}]}}