{"id":132876,"date":"2022-06-03T22:49:48","date_gmt":"2022-06-04T01:49:48","guid":{"rendered":"https:\/\/senoticias.com.br\/se\/?p=132876"},"modified":"2022-06-03T23:02:28","modified_gmt":"2022-06-04T02:02:28","slug":"prefeitura-de-barra-dos-coqueiros-lanca-programacao-do-arraia","status":"publish","type":"post","link":"https:\/\/senoticias.com.br\/se\/prefeitura-de-barra-dos-coqueiros-lanca-programacao-do-arraia\/","title":{"rendered":"Prefeitura da Barra dos Coqueiros lan\u00e7a programa\u00e7\u00e3o do Arrai\u00e1"},"content":{"rendered":"\n<p>A prefeitura da Barra dos Coqueiros lan\u00e7ou nesta sexta-feira, 3, a programa\u00e7\u00e3o oficial dos festejos juninos. A festa que ocorrer\u00e1 no <strong>per\u00edodo de 17 a 28 de junho<\/strong>, tem o objetivo de resgatar a tradi\u00e7\u00e3o dos antigos \u2018arrai\u00e1s\u2019, e contar\u00e1 com artistas da terra, quadrilhas, feira de artesanato, atra\u00e7\u00f5es culturais e concurso da rua mais enfeitada.\u00a0<\/p>\n\n\n\n<p>Com o slogan \u2018Arrai\u00e1 da Barra \u2013 o melhor do S\u00e3o Jo\u00e3o Pertim de Casa\u2019, a prefeitura inova e faz um S\u00e3o Jo\u00e3o descentralizado, com arrai\u00e1s na sede da cidade e povoados. Haver\u00e1 shows nas pra\u00e7as Ana do Forr\u00f3, localizada no conjunto Prisco Viana; e nos povoados: Capu\u00e3, Atalaia Nova e Canal de S\u00e3o Sebasti\u00e3o.<\/p>\n\n\n\n<figure class=\"wp-block-image size-large is-resized\"><img loading=\"lazy\" decoding=\"async\" src=\"https:\/\/senoticias.com.br\/se\/wp-content\/uploads\/2022\/06\/Sao-Joao-da-Barra-dos-Coqueiros-SE-noticias.jpg\" alt=\"\" class=\"wp-image-132878\" width=\"580\" height=\"386\" srcset=\"https:\/\/senoticias.com.br\/se\/wp-content\/uploads\/2022\/06\/Sao-Joao-da-Barra-dos-Coqueiros-SE-noticias.jpg 597w, https:\/\/senoticias.com.br\/se\/wp-content\/uploads\/2022\/06\/Sao-Joao-da-Barra-dos-Coqueiros-SE-noticias-300x200.jpg 300w, https:\/\/senoticias.com.br\/se\/wp-content\/uploads\/2022\/06\/Sao-Joao-da-Barra-dos-Coqueiros-SE-noticias-90x60.jpg 90w, https:\/\/senoticias.com.br\/se\/wp-content\/uploads\/2022\/06\/Sao-Joao-da-Barra-dos-Coqueiros-SE-noticias-180x120.jpg 180w, https:\/\/senoticias.com.br\/se\/wp-content\/uploads\/2022\/06\/Sao-Joao-da-Barra-dos-Coqueiros-SE-noticias-95x64.jpg 95w\" sizes=\"(max-width: 580px) 100vw, 580px\" \/><figcaption>A festa ocorrer\u00e1 no per\u00edodo de 17 a 28 de junho &#8211; Foto: ascom\/Barra<\/figcaption><\/figure>\n\n\n\n<p>O prefeito da Barra dos Coqueiros, Alberto Mac\u00eado, apresentou a programa\u00e7\u00e3o de S\u00e3o Jo\u00e3o e refor\u00e7ou a preocupa\u00e7\u00e3o da administra\u00e7\u00e3o com o resgate da tradi\u00e7\u00e3o cultural do mun\u00edcipio. \u201cOs artistas da Barra dos Coqueiros e do estado de Sergipe ser\u00e3o prestigiados, porque s\u00e3o t\u00e3o bons quanto os artistas nacionais. Al\u00e9m dos diversos shows, teremos concursos de quadrilha e da rua mais enfeitada, onde os artes\u00e3os ter\u00e3o oportunidade de expor seus produtos. Tamb\u00e9m iremos descentralizar, teremos festa aqui na sede do munic\u00edpio, assim como nos povoados como um todo. Lembrando que reconhecidamente n\u00f3s temos a melhor culin\u00e1ria do estado de Sergipe e este tamb\u00e9m ser\u00e1 um diferencial e a oportunidade dos turistas conhecerem o verdadeiro S\u00e3o Jo\u00e3o, com aut\u00eantico p\u00e9 de serra e com os artistas da Barra dos Coqueiros\u201d, enaltece.<\/p>\n\n\n\n<p>A componente da quadrilha Asa Branca, Ronise Ramona, que dan\u00e7ou no evento desta sexta-feira, 3, fala da alegria do retorno das quadrilhas. \u201cUma manh\u00e3 inexplic\u00e1vel. \u00c9 muito bom voltar a dan\u00e7ar, voltar aos festejos juninos depois de dois anos dessa pandemia, onde todo mundo estava em casa trancado. O S\u00e3o Jo\u00e3o \u00e9 a melhor festa para mim. Estou muito feliz de saber que teremos o resgate das quadrilhas e da nossa cultura. O concurso no munic\u00edpio de Barra veio para somar. Vai ser tudo lindo, uma sensa\u00e7\u00e3o maravilhosa\u201d, diz.<\/p>\n\n\n\n<p>Parabenizando a prefeitura da Barra dos Coqueiros por priorizar as bandas tradicionais, o sanfoneiro do trio Chic Chic, Chico Rodrigues, fala de sua alegria pela volta dos festejos juninos da cidade. \u201cEstou aqui para parabenizar a Prefeitura de Barra, atrav\u00e9s do seu prefeito Alberto Macedo e do secret\u00e1rio de Cultura, Diego Ara\u00fajo, que priorizou nesse momento p\u00f3s-pandemia o tradicional forr\u00f3 p\u00e9 de serra, ajudando os grupos locais. Quando falamos em cultura de um pequeno m\u00fasico, aquele que n\u00e3o \u00e9 reconhecido nacionalmente, precisa receber uma pequena fatia do bolo. Assim, tamb\u00e9m sabemos que a receita fica no pr\u00f3prio munic\u00edpio e alavanca o comercio\u201d, comenta.<\/p>\n\n\n\n<p>E o secret\u00e1rio de Cultura da cidade, Diego Ara\u00fajo, falou de sua alegria em lan\u00e7ar a programa\u00e7\u00e3o dos festejos juninos. \u201cS\u00e3o sete dias de festa preparados para a popula\u00e7\u00e3o barracoqueirense com muito forr\u00f3, quadrilhas e atra\u00e7\u00f5es que ir\u00e3o percorrer toda cidade. O S\u00e3o Jo\u00e3o faz parte do nosso povo, \u00e9 a raiz cultural da nossa gente e \u00e9 muito bom estarmos juntos de forma presencial novamente\u201d, &nbsp;enfatiza.&nbsp;<\/p>\n\n\n\n<p>Confira a programa\u00e7\u00e3o completa:<\/p>\n\n\n\n<p><strong><u>PROGRAMA\u00c7\u00c3O ARRAI\u00c1 DA BARRA<\/u><\/strong><\/p>\n\n\n\n<p><strong><u>17 DE JUNHO (ANA DO FORR\u00d3)<\/u><\/strong><\/p>\n\n\n\n<p>19:00 \u2013 ABERTURA DOS FESTEJOS JUNINOS19:30 \u2013 SAMBA DE COCO E TRIO P\u00c9-DE-SERRA XINGUEU DO FORRO<br>20:00 \u2013 ADALGIZA<br>22:00 \u2013 RAFINHA BIG LOVE<br>01:00 &#8211; LIENE SHOW<\/p>\n\n\n\n<p>INTERVALOS (ATRA\u00c7\u00d5ES LOCAIS)<\/p>\n\n\n\n<p><strong><u>18 DE JUNHO (CAPO\u00c3)<\/u><\/strong><\/p>\n\n\n\n<p>19:00 \u2013 ELISSON LEITE<br>21:00 \u2013 NATAN VAQUEIRO<br>23:00 \u2013 MATHEUS FREITAS<br>01:00 \u2013 MARCELO VITOR<\/p>\n\n\n\n<p><strong><u>19 DE JUNHO (CANAL DE S\u00c3O SEBASTI\u00c3O)<\/u><\/strong><\/p>\n\n\n\n<p>19:00 \u2013 JOSELITO E FORROZ\u00c3O EU E VOC\u00ca<br>21:00 \u2013 B\u00c9SKUA E TRIO P\u00c9-DE-SERRA<br>23:00 \u2013 DAN VASCONCELOS<\/p>\n\n\n\n<p><strong><u>23 DE JUNHO (ANA DO FORR\u00d3)<\/u><\/strong><\/p>\n\n\n\n<p>18:30- ABERTURA<br>19:00- QUADRILHA JUNINA<br>19:40 \u2013 QUADRILHA JUNINA<\/p>\n\n\n\n<h3 class=\"wp-block-heading\">20:20 \u2013 QUADRILHA JUNINA<strong><\/strong><\/h3>\n\n\n\n<p>21:00 &#8211; TATAH SANTANA<br>23:00 &#8211; LUCIENE MELO \u2013 EX MAGN\u00cdFICO<br>02:00 \u2013 GABRIEL O PR\u00cdNCIPE<br>INTERVALOS (ATRA\u00c7\u00d5ES LOCAIS)<\/p>\n\n\n\n<p><strong><u>24 DE JUNHO (ANA DO FORRO)<\/u><\/strong><\/p>\n\n\n\n<p>13:00- CONCENTRA\u00c7\u00c3O<br>15:00 \u2013 CASAMENTO DOS TABAREUS LEO E LENILSON (CAPO\u00c3)<br>18:00- QUADRILHA JUNINA<br>18:40 \u2013 QUADRILHA JUNINA<br>19:20 \u2013 QUADRILHA JUNINA<br>20:00- NEGA FORROZEIRA<br>22:00 &#8211; ROJ\u00c3O DIFERENTE<br>00:30 \u2013 ALMA G\u00caMEA\u00a0\u00a0\u00a0\u00a0\u00a0\u00a0\u00a0\u00a0\u00a0\u00a0\u00a0\u00a0\u00a0\u00a0\u00a0\u00a0\u00a0\u00a0\u00a0\u00a0\u00a0\u00a0\u00a0\u00a0\u00a0\u00a0\u00a0\u00a0\u00a0\u00a0\u00a0\u00a0\u00a0\u00a0\u00a0\u00a0\u00a0\u00a0\u00a0\u00a0\u00a0\u00a0\u00a0\u00a0\u00a0\u00a0\u00a0\u00a0\u00a0\u00a0\u00a0\u00a0\u00a0\u00a0\u00a0\u00a0<br>02:30 \u2013 DANIELZINHO JUNIOR<\/p>\n\n\n\n<p>INTERVALOS (ATRA\u00c7\u00d5ES LOCAIS)<\/p>\n\n\n\n<p><strong><u>25 DE JUNHO (ANA DO FORRO)<\/u><\/strong><\/p>\n\n\n\n<p>18:00- QUADRILHA JUNINA<br>18:40 \u2013 QUADRILHA JUNINA<br>19:20 \u2013 QUADRILHA JUNINA<br>20:00 \u2013 BETE EVANNY<br>22.00 &#8211; DED\u00c9 E JEANE LINS<br>00:30 \u2013 GUSTAVINHO SOBRAL<br>02:30 \u2013 FORRO DOS VIPS<\/p>\n\n\n\n<p>INTERVALOS (ATRA\u00c7\u00d5ES LOCAIS)<\/p>\n\n\n\n<p><strong><u>28 DE JUNHO (ATALAIA NOVA)<\/u><\/strong><\/p>\n\n\n\n<p>19:00 \u2013 PIFANO DE PIFE<br>21:00 \u2013 NAUREA<br>23:00 \u2013 QUADRILHA<br>23:30- MESTRINHO<br>01:00 \u2013 LUIZ FERNANDO<\/p>\n","protected":false},"excerpt":{"rendered":"<p>A prefeitura da Barra dos Coqueiros lan\u00e7ou nesta sexta-feira, 3, a programa\u00e7\u00e3o oficial dos festejos juninos. A festa que ocorrer\u00e1 no per\u00edodo de 17 a 28 de junho, tem o objetivo de resgatar a tradi\u00e7\u00e3o dos antigos \u2018arrai\u00e1s\u2019, e contar\u00e1 com artistas da terra, quadrilhas, feira de artesanato, atra\u00e7\u00f5es culturais e concurso da rua mais [&hellip;]<\/p>\n","protected":false},"author":6557,"featured_media":0,"comment_status":"closed","ping_status":"closed","sticky":false,"template":"","format":"standard","meta":{"footnotes":""},"categories":[15,21,1],"tags":[36693,4087,36692],"class_list":{"0":"post-132876","1":"post","2":"type-post","3":"status-publish","4":"format-standard","6":"category-destaques","7":"category-entretenimento","8":"category-sem-categoria","9":"tag-prefeito-alberto-macedo","10":"tag-programacao-sao-joao","11":"tag-sao-joao-da-barra-dos-coqueiros"},"_links":{"self":[{"href":"https:\/\/senoticias.com.br\/se\/wp-json\/wp\/v2\/posts\/132876"}],"collection":[{"href":"https:\/\/senoticias.com.br\/se\/wp-json\/wp\/v2\/posts"}],"about":[{"href":"https:\/\/senoticias.com.br\/se\/wp-json\/wp\/v2\/types\/post"}],"author":[{"embeddable":true,"href":"https:\/\/senoticias.com.br\/se\/wp-json\/wp\/v2\/users\/6557"}],"replies":[{"embeddable":true,"href":"https:\/\/senoticias.com.br\/se\/wp-json\/wp\/v2\/comments?post=132876"}],"version-history":[{"count":0,"href":"https:\/\/senoticias.com.br\/se\/wp-json\/wp\/v2\/posts\/132876\/revisions"}],"wp:attachment":[{"href":"https:\/\/senoticias.com.br\/se\/wp-json\/wp\/v2\/media?parent=132876"}],"wp:term":[{"taxonomy":"category","embeddable":true,"href":"https:\/\/senoticias.com.br\/se\/wp-json\/wp\/v2\/categories?post=132876"},{"taxonomy":"post_tag","embeddable":true,"href":"https:\/\/senoticias.com.br\/se\/wp-json\/wp\/v2\/tags?post=132876"}],"curies":[{"name":"wp","href":"https:\/\/api.w.org\/{rel}","templated":true}]}}