{"id":132835,"date":"2022-06-01T12:08:22","date_gmt":"2022-06-01T15:08:22","guid":{"rendered":"https:\/\/senoticias.com.br\/se\/?p=132835"},"modified":"2022-06-01T12:55:30","modified_gmt":"2022-06-01T15:55:30","slug":"uso-terapeutico-da-cannabis-sera-tema-de-palestra-na-alese","status":"publish","type":"post","link":"https:\/\/senoticias.com.br\/se\/uso-terapeutico-da-cannabis-sera-tema-de-palestra-na-alese\/","title":{"rendered":"Uso terap\u00eautico da Cannabis ser\u00e1 tema de palestra na Assembleia Legislativa"},"content":{"rendered":"\n<p>Um estudo produzido pela<strong> Kaya Mind<\/strong> &#8211; empresa de pesquisa e intelig\u00eancia &#8211; revelou que, se a comercializa\u00e7\u00e3o de rem\u00e9dios \u00e0 base de cannabis for regulamentada, cerca de 6 milh\u00f5es de brasileiros podem ser beneficiados no tratamento de diversas doen\u00e7as &#8211; de ordem neurol\u00f3gica ou cr\u00f4nica &#8211; como o c\u00e2ncer, alzheimer, autismo, depress\u00e3o, fibromialgia, esclerose m\u00faltipla, dentre tantas outras. \u00c9 exatamente sobre o uso terap\u00eautico da planta, que a m\u00e9dica Mirene Morais vai falar na tribuna da Assembleia Legislativa de Sergipe (Alese), no pr\u00f3ximo dia 9, \u00e0s 10h.<\/p>\n\n\n\n<figure class=\"wp-block-image size-large\"><img loading=\"lazy\" decoding=\"async\" width=\"590\" height=\"884\" src=\"https:\/\/senoticias.com.br\/se\/wp-content\/uploads\/2022\/06\/Doutora-Mirena-SE-Noticias.jpg\" alt=\"\" class=\"wp-image-132837\" srcset=\"https:\/\/senoticias.com.br\/se\/wp-content\/uploads\/2022\/06\/Doutora-Mirena-SE-Noticias.jpg 590w, https:\/\/senoticias.com.br\/se\/wp-content\/uploads\/2022\/06\/Doutora-Mirena-SE-Noticias-200x300.jpg 200w\" sizes=\"(max-width: 590px) 100vw, 590px\" \/><figcaption>M\u00e9dica Mirene Morais \u00e9 certificada internacionalmente em Cannabis medicinal e p\u00f3s-graduada em dor pelo Hospital S\u00edrio Liban\u00eas &#8211; Foto: ascom\/divulga\u00e7\u00e3o<\/figcaption><\/figure>\n\n\n\n<p>A iniciativa foi proposta pela deputada Maria Mendon\u00e7a (PDT), ap\u00f3s receber Mirene em seu gabinete. \u201cNa nossa conversa, percebi o qu\u00e3o importante \u00e9 o uso dessa terapia para garantir qualidade de vida aos pacientes que sofrem com dores em virtude de diversas doen\u00e7as. \u00c9 importante conhecermos mais sobre o assunto para que possamos defender pol\u00edticas p\u00fablicas que atendam a uma gama maior de pessoas que, infelizmente, n\u00e3o t\u00eam acesso a esse tipo de tratamento por uma s\u00e9rie de fatores\u201d, explicou Maria.<\/p>\n\n\n\n<p>Conduzida pela <strong>m\u00e9dica Mirene Morais<\/strong> &#8211; que \u00e9 certificada internacionalmente em<strong> Cannabis medicinal <\/strong>e p\u00f3s-graduada em dor pelo Hospital S\u00edrio Liban\u00eas &#8211; a exposi\u00e7\u00e3o abordar\u00e1 os benef\u00edcios e possibilidades terap\u00eauticas da planta, bem como os seus impactos na condi\u00e7\u00e3o de vida dos pacientes. \u201cEm nosso consult\u00f3rio temos diversos cases de sucesso\u201d, disse Mirene, ao destacar a postura da deputada, considerando a relev\u00e2ncia da pauta. \u201cPara n\u00f3s, ser\u00e1 uma honra poder ampliar essa discuss\u00e3o, n\u00e3o s\u00f3 com os parlamentares, mas com toda a sociedade\u201d, disse a m\u00e9dica.<\/p>\n\n\n\n<p>Durante o evento, <strong>o advogado Maur\u00edcio Lobo<\/strong>, que \u00e9 coordenador de Sa\u00fade P\u00fablica da seccional sergipana da <strong>Ordem dos Advogados do Brasil (OAB\/SE)<\/strong> e especialista em direito da Sa\u00fade, falar\u00e1 sobre regulamenta\u00e7\u00e3o e inclus\u00e3o social. Sabe-se que, em muitos casos, para ter acesso \u00e0 medica\u00e7\u00e3o, os pacientes precisam recorrer \u00e0 Justi\u00e7a.<\/p>\n\n\n\n<p><strong>Regulamenta\u00e7\u00e3o &#8211; <\/strong>Desde 2015, tramita na C\u00e2mara dos Deputados, o Projeto de Lei 399\/2015, de autoria do deputado federal por Sergipe, F\u00e1bio Mitidieri (PSD). A proposta sugere a regulamenta\u00e7\u00e3o e a comercializa\u00e7\u00e3o de medicamentos derivados da Cannabis, com o intuito de facilitar o acesso para o uso terap\u00eautico. Aprovado em comiss\u00e3o especial em 2021, aguarda aprecia\u00e7\u00e3o do Plen\u00e1rio da C\u00e2mara dos Deputados e depois segue para an\u00e1lise do Senado Federal.<\/p>\n\n\n\n<p>Entendendo a import\u00e2ncia da mat\u00e9ria, recentemente, a deputada Maria Mendon\u00e7a prop\u00f4s Mo\u00e7\u00f5es de Apelo aos congressistas solicitando m\u00e1xima urg\u00eancia para que o PL seja pautado e votado. \u201c\u00c9 um projeto extremamente importante para facilitar o acesso de pacientes que precisam das medica\u00e7\u00f5es \u00e0 base de cannabis para o enfrentamento de doen\u00e7as e para viver com dignidade\u201d, ressaltou Maria.<\/p>\n\n\n\n<p><em>Quer receber as principais not\u00edcias do\u00a0<strong>SE Not\u00edcias<\/strong>\u00a0no seu\u00a0<strong>WhatsApp?<\/strong>\u00a0<strong><a href=\"https:\/\/api.whatsapp.com\/send?phone=5579991715289\">Clique aqui<\/a><\/strong>.<\/em><\/p>\n\n\n\n<p>por K\u00e1tia Santana, jornalista<\/p>\n","protected":false},"excerpt":{"rendered":"<p>Um estudo produzido pela Kaya Mind &#8211; empresa de pesquisa e intelig\u00eancia &#8211; revelou que, se a comercializa\u00e7\u00e3o de rem\u00e9dios \u00e0 base de cannabis for regulamentada, cerca de 6 milh\u00f5es de brasileiros podem ser beneficiados no tratamento de diversas doen\u00e7as &#8211; de ordem neurol\u00f3gica ou cr\u00f4nica &#8211; como o c\u00e2ncer, alzheimer, autismo, depress\u00e3o, fibromialgia, esclerose [&hellip;]<\/p>\n","protected":false},"author":6557,"featured_media":0,"comment_status":"closed","ping_status":"closed","sticky":false,"template":"","format":"standard","meta":{"footnotes":""},"categories":[9,15,1,8],"tags":[36676,105,36673,36675,36674],"class_list":{"0":"post-132835","1":"post","2":"type-post","3":"status-publish","4":"format-standard","6":"category-concursos","7":"category-destaques","8":"category-sem-categoria","9":"category-esporte-e-cultura","10":"tag-advogado-mauricio-lobo","11":"tag-assembleia-legislativa-de-sergipe","12":"tag-cannabis-medicinal","13":"tag-kaya-mind","14":"tag-medica-mirene-morais"},"_links":{"self":[{"href":"https:\/\/senoticias.com.br\/se\/wp-json\/wp\/v2\/posts\/132835"}],"collection":[{"href":"https:\/\/senoticias.com.br\/se\/wp-json\/wp\/v2\/posts"}],"about":[{"href":"https:\/\/senoticias.com.br\/se\/wp-json\/wp\/v2\/types\/post"}],"author":[{"embeddable":true,"href":"https:\/\/senoticias.com.br\/se\/wp-json\/wp\/v2\/users\/6557"}],"replies":[{"embeddable":true,"href":"https:\/\/senoticias.com.br\/se\/wp-json\/wp\/v2\/comments?post=132835"}],"version-history":[{"count":0,"href":"https:\/\/senoticias.com.br\/se\/wp-json\/wp\/v2\/posts\/132835\/revisions"}],"wp:attachment":[{"href":"https:\/\/senoticias.com.br\/se\/wp-json\/wp\/v2\/media?parent=132835"}],"wp:term":[{"taxonomy":"category","embeddable":true,"href":"https:\/\/senoticias.com.br\/se\/wp-json\/wp\/v2\/categories?post=132835"},{"taxonomy":"post_tag","embeddable":true,"href":"https:\/\/senoticias.com.br\/se\/wp-json\/wp\/v2\/tags?post=132835"}],"curies":[{"name":"wp","href":"https:\/\/api.w.org\/{rel}","templated":true}]}}