{"id":132833,"date":"2022-06-01T10:21:47","date_gmt":"2022-06-01T13:21:47","guid":{"rendered":"https:\/\/senoticias.com.br\/se\/?p=132833"},"modified":"2022-06-01T11:58:34","modified_gmt":"2022-06-01T14:58:34","slug":"senador-alessandro-vieira-afirma-que-nao-adianta-ter-um-nome-novo-comandado-por-edivan-amorim","status":"publish","type":"post","link":"https:\/\/senoticias.com.br\/se\/senador-alessandro-vieira-afirma-que-nao-adianta-ter-um-nome-novo-comandado-por-edivan-amorim\/","title":{"rendered":"Senador Alessandro Vieira afirma que \u201cn\u00e3o adianta ter um nome novo comandado por Edivan Amorim\u201d"},"content":{"rendered":"\n<p>O senador e pr\u00e9-candidato a governador, Alessandro Vieira (PSDB), disse nesta ter\u00e7a-feira (31) que Sergipe precisa de uma mudan\u00e7a de verdade, \u201cn\u00e3o uma mudan\u00e7a de fachada\u201d, e confirmou a informa\u00e7\u00e3o de que o empres\u00e1rio Milton Andrade deve ser o pr\u00e9-candidato a vice.<\/p>\n\n\n\n<figure class=\"wp-block-image size-large\"><img loading=\"lazy\" decoding=\"async\" width=\"570\" height=\"380\" src=\"https:\/\/senoticias.com.br\/se\/wp-content\/uploads\/2015\/02\/Alessandro-Vieira.jpeg\" alt=\"\" class=\"wp-image-76162\" srcset=\"https:\/\/senoticias.com.br\/se\/wp-content\/uploads\/2015\/02\/Alessandro-Vieira.jpeg 570w, https:\/\/senoticias.com.br\/se\/wp-content\/uploads\/2015\/02\/Alessandro-Vieira-300x200.jpeg 300w, https:\/\/senoticias.com.br\/se\/wp-content\/uploads\/2015\/02\/Alessandro-Vieira-342x228.jpeg 342w\" sizes=\"(max-width: 570px) 100vw, 570px\" \/><figcaption>Pr\u00e9-candidato a governador, Alessandro Vieira &#8211; Foto: arquivo<\/figcaption><\/figure>\n\n\n\n<p>Durante entrevista ao programa Contraponto desta ter\u00e7a-feira (31), <strong>na Aperip\u00ea FM 106.1<\/strong>, Alessandro disse que a sua pr\u00e9-candidatura ser\u00e1 lan\u00e7ada no pr\u00f3ximo dia 6 de junho, na Associa\u00e7\u00e3o de Engenheiros Agr\u00f4nomos de Sergipe (AEASE), a partir das 18 horas.<\/p>\n\n\n\n<p>Sobre o pr\u00e9-candidato a vice, Alessandro disse que \u201ca indica\u00e7\u00e3o \u00e9 do partido Cidadania. Eles (os dirigentes) fizeram todo um trabalho de levantamento, o nome indicado \u00e9 do empres\u00e1rio Milton Andrade\u201d, o qual, segundo o senador poder\u00e1 ser confirmado na pr\u00f3xima segunda-feira.<\/p>\n\n\n\n<p>Ainda durante a entrevista, o senador afirmou que Danielle Garcia \u201cser\u00e1 indicada como pr\u00e9-candidata ao Senado pelo Podemos, e tudo caminha para que a gente tenha a confirma\u00e7\u00e3o da coliga\u00e7\u00e3o entre Podemos, Cidadania e PSDB, para que a gente forme uma chapa com desejo de renova\u00e7\u00e3o e com capacidade de mostrar o trabalho em defesa dos sergipanos\u201d, disse Alessandro Vieira.<\/p>\n\n\n\n<p>Questionado sobre a conversa que manteve com Valmir de Francisquinho (PL), Alessandro destacou que sempre teve uma boa rela\u00e7\u00e3o com ex-prefeito de Itabaiana, mas quer que Sergipe tenha \u201cuma mudan\u00e7a de verdade, n\u00e3o uma mudan\u00e7a de fachada, n\u00e3o \u00e9 s\u00f3 uma mudan\u00e7a de nome, n\u00e3o adianta ter um nome novo comandado por Edivan Amorim, a gente tem que ter clareza\u201d, completou Alessandro Vieira.<\/p>\n\n\n\n<p><em>Quer receber as principais not\u00edcias do\u00a0<strong>SE Not\u00edcias<\/strong>\u00a0no seu\u00a0<strong>WhatsApp?<\/strong>\u00a0<strong><a href=\"https:\/\/api.whatsapp.com\/send?phone=5579991715289\">Clique aqui<\/a><\/strong>.<\/em><\/p>\n\n\n\n<p>Por Eraldo Souza<\/p>\n","protected":false},"excerpt":{"rendered":"<p>O senador e pr\u00e9-candidato a governador, Alessandro Vieira (PSDB), disse nesta ter\u00e7a-feira (31) que Sergipe precisa de uma mudan\u00e7a de verdade, \u201cn\u00e3o uma mudan\u00e7a de fachada\u201d, e confirmou a informa\u00e7\u00e3o de que o empres\u00e1rio Milton Andrade deve ser o pr\u00e9-candidato a vice. Durante entrevista ao programa Contraponto desta ter\u00e7a-feira (31), na Aperip\u00ea FM 106.1, Alessandro [&hellip;]<\/p>\n","protected":false},"author":6557,"featured_media":0,"comment_status":"closed","ping_status":"closed","sticky":false,"template":"","format":"standard","meta":{"footnotes":""},"categories":[15,6],"tags":[2946,36672,12125,11299],"class_list":{"0":"post-132833","1":"post","2":"type-post","3":"status-publish","4":"format-standard","6":"category-destaques","7":"category-politica","8":"tag-alessandro-vieira","9":"tag-edivan-amorim","10":"tag-eleicoes-2022","11":"tag-senador-alessandro-vieira"},"_links":{"self":[{"href":"https:\/\/senoticias.com.br\/se\/wp-json\/wp\/v2\/posts\/132833"}],"collection":[{"href":"https:\/\/senoticias.com.br\/se\/wp-json\/wp\/v2\/posts"}],"about":[{"href":"https:\/\/senoticias.com.br\/se\/wp-json\/wp\/v2\/types\/post"}],"author":[{"embeddable":true,"href":"https:\/\/senoticias.com.br\/se\/wp-json\/wp\/v2\/users\/6557"}],"replies":[{"embeddable":true,"href":"https:\/\/senoticias.com.br\/se\/wp-json\/wp\/v2\/comments?post=132833"}],"version-history":[{"count":0,"href":"https:\/\/senoticias.com.br\/se\/wp-json\/wp\/v2\/posts\/132833\/revisions"}],"wp:attachment":[{"href":"https:\/\/senoticias.com.br\/se\/wp-json\/wp\/v2\/media?parent=132833"}],"wp:term":[{"taxonomy":"category","embeddable":true,"href":"https:\/\/senoticias.com.br\/se\/wp-json\/wp\/v2\/categories?post=132833"},{"taxonomy":"post_tag","embeddable":true,"href":"https:\/\/senoticias.com.br\/se\/wp-json\/wp\/v2\/tags?post=132833"}],"curies":[{"name":"wp","href":"https:\/\/api.w.org\/{rel}","templated":true}]}}