{"id":132832,"date":"2022-05-31T20:17:01","date_gmt":"2022-05-31T23:17:01","guid":{"rendered":"https:\/\/senoticias.com.br\/se\/?p=132832"},"modified":"2022-05-31T21:51:30","modified_gmt":"2022-06-01T00:51:30","slug":"ufs-tem-bloqueio-de-mais-de-r-15-milhoes-no-orcamento-de-2022","status":"publish","type":"post","link":"https:\/\/senoticias.com.br\/se\/ufs-tem-bloqueio-de-mais-de-r-15-milhoes-no-orcamento-de-2022\/","title":{"rendered":"Governo Federal confirma bloqueio de mais de R$ 15 milh\u00f5es no or\u00e7amento de 2022 da UFS"},"content":{"rendered":"\n<p><\/p>\n\n\n\n<p>A Universidade Federal de Sergipe (UFS) se manifestou sobre o mais recente corte de verbas anunciado pelo Governo Federal. Em comunicado \u00e0 sociedade, a institui\u00e7\u00e3o detalhou que mais de R$ 15 milh\u00f5es foi bloqueado em custeio e investimento.<\/p>\n\n\n\n<figure class=\"wp-block-image size-large\"><img loading=\"lazy\" decoding=\"async\" width=\"1024\" height=\"576\" src=\"https:\/\/senoticias.com.br\/se\/wp-content\/uploads\/2020\/12\/ufs-1024x576.jpg\" alt=\"\" class=\"wp-image-125903\"\/><figcaption>Em comunicado \u00e0 sociedade, a UFS detalhou que mais de R$ 15 milh\u00f5es foi bloqueado em custeio e investimento &#8211; Foto: arquivo\/UFS)<\/figcaption><\/figure>\n\n\n\n<p>\u201cO or\u00e7amento da UFS para 2022, aprovado pelo Congresso Nacional, \u00e9 de R$ 778 milh\u00f5es, sendo que 82% s\u00e3o destinados para pagamento de pessoal, ativo e aposentado; 8,3% destinados para a\u00e7\u00e3o discricion\u00e1ria de manuten\u00e7\u00e3o e funcionamento da Universidade; 4% para a\u00e7\u00e3o do Programa Nacional de Assist\u00eancia Estudantil (PNAES); e 5,7% para outras a\u00e7\u00f5es executadas pela UFS\u201d, detalhou.<\/p>\n\n\n\n<p>Ainda de acordo com a universidade, a redu\u00e7\u00e3o do or\u00e7amento impactar\u00e1 diretamente nas verbas do Pnaes [Programa Nacional de Assist\u00eancia Estudantil \u2013 PNAES] e no funcionamento da universidade, no que diz respeito aos pagamentos das contas de \u00e1gua, luz e contratos de terceiriza\u00e7\u00e3o.<\/p>\n\n\n\n<p>\u201cDesde 2021 a UFS tem trabalhado na gest\u00e3o de governan\u00e7a e planejamento para viabilizar, com o or\u00e7amento j\u00e1 reduzido, a manuten\u00e7\u00e3o do custeio dos campi, assist\u00eancia estudantil e projetos de ensino, pesquisa, extens\u00e3o e inova\u00e7\u00e3o. O Gabinete do Reitor solicitou \u00e0 Pr\u00f3-Reitoria de Planejamento (Proplan) um estudo detalhado de revis\u00e3o do planejamento anual, enfatizando manter os recursos aprovados para os estudantes vulner\u00e1veis do Pnaes e das bolsas de ensino, pesquisa, extens\u00e3o e inova\u00e7\u00e3o\u201d, salienta a institui\u00e7\u00e3o de ensino superior.<\/p>\n\n\n\n<p>A UFS destacou ainda que, juntamente com as demais universidades, ir\u00e1 lutar para reverter essa situa\u00e7\u00e3o. \u201cJuntamente com as demais institui\u00e7\u00f5es de ensino superior, via Associa\u00e7\u00e3o Nacional dos Dirigentes das Institui\u00e7\u00f5es Federais de Ensino Superior (Andifes), a Universidade Federal de Sergipe somar\u00e1 em um trabalho coletivo para o desbloqueio do or\u00e7amento, evitando o comprometimento das atividades essenciais\u201d, pontua.<\/p>\n\n\n\n<p><em>Quer receber as principais not\u00edcias do\u00a0<strong>SE Not\u00edcias<\/strong>\u00a0no seu\u00a0<strong>WhatsApp?<\/strong>\u00a0<strong><a href=\"https:\/\/api.whatsapp.com\/send?phone=5579991715289\">Clique aqui<\/a><\/strong>.<\/em><\/p>\n\n\n\n<p>por Jo\u00e3o Paulo Schneider, do portal Infonet<\/p>\n","protected":false},"excerpt":{"rendered":"<p>A Universidade Federal de Sergipe (UFS) se manifestou sobre o mais recente corte de verbas anunciado pelo Governo Federal. Em comunicado \u00e0 sociedade, a institui\u00e7\u00e3o detalhou que mais de R$ 15 milh\u00f5es foi bloqueado em custeio e investimento. \u201cO or\u00e7amento da UFS para 2022, aprovado pelo Congresso Nacional, \u00e9 de R$ 778 milh\u00f5es, sendo que [&hellip;]<\/p>\n","protected":false},"author":6557,"featured_media":0,"comment_status":"closed","ping_status":"closed","sticky":false,"template":"","format":"standard","meta":{"footnotes":""},"categories":[15,6],"tags":[36671,2299,6719],"class_list":{"0":"post-132832","1":"post","2":"type-post","3":"status-publish","4":"format-standard","6":"category-destaques","7":"category-politica","8":"tag-bloqueio-de-mais-de-r-15-milhoes","9":"tag-ufs","10":"tag-universidade-federal-de-sergipe"},"_links":{"self":[{"href":"https:\/\/senoticias.com.br\/se\/wp-json\/wp\/v2\/posts\/132832"}],"collection":[{"href":"https:\/\/senoticias.com.br\/se\/wp-json\/wp\/v2\/posts"}],"about":[{"href":"https:\/\/senoticias.com.br\/se\/wp-json\/wp\/v2\/types\/post"}],"author":[{"embeddable":true,"href":"https:\/\/senoticias.com.br\/se\/wp-json\/wp\/v2\/users\/6557"}],"replies":[{"embeddable":true,"href":"https:\/\/senoticias.com.br\/se\/wp-json\/wp\/v2\/comments?post=132832"}],"version-history":[{"count":0,"href":"https:\/\/senoticias.com.br\/se\/wp-json\/wp\/v2\/posts\/132832\/revisions"}],"wp:attachment":[{"href":"https:\/\/senoticias.com.br\/se\/wp-json\/wp\/v2\/media?parent=132832"}],"wp:term":[{"taxonomy":"category","embeddable":true,"href":"https:\/\/senoticias.com.br\/se\/wp-json\/wp\/v2\/categories?post=132832"},{"taxonomy":"post_tag","embeddable":true,"href":"https:\/\/senoticias.com.br\/se\/wp-json\/wp\/v2\/tags?post=132832"}],"curies":[{"name":"wp","href":"https:\/\/api.w.org\/{rel}","templated":true}]}}