{"id":132830,"date":"2022-05-31T16:38:56","date_gmt":"2022-05-31T19:38:56","guid":{"rendered":"https:\/\/senoticias.com.br\/se\/?p=132830"},"modified":"2022-05-31T16:42:43","modified_gmt":"2022-05-31T19:42:43","slug":"policia-penal-desarticula-possivel-rebeliao-no-presidio-do-santa-maria","status":"publish","type":"post","link":"https:\/\/senoticias.com.br\/se\/policia-penal-desarticula-possivel-rebeliao-no-presidio-do-santa-maria\/","title":{"rendered":"Pol\u00edcia Penal desarticula poss\u00edvel rebeli\u00e3o no Pres\u00eddio do Santa Maria"},"content":{"rendered":"\n<p><\/p>\n\n\n\n<p>Nesta ter\u00e7a-feira (31), a Pol\u00edcia Penal de Sergipe conseguiu desarticular uma poss\u00edvel rebeli\u00e3o no Complexo Penitenci\u00e1rio Ant\u00f4nio Jacinto Filho (Compajaf), no Bairro Santa Maria.<\/p>\n\n\n\n<figure class=\"wp-block-image size-large\"><img loading=\"lazy\" decoding=\"async\" width=\"599\" height=\"375\" src=\"https:\/\/senoticias.com.br\/se\/wp-content\/uploads\/2020\/08\/presidio3-e1597224368486.jpg\" alt=\"\" class=\"wp-image-124611\"\/><figcaption> Pol\u00edcia Penal desarticula poss\u00edvel rebeli\u00e3o no Compajaf &#8211; Foto: arquivo\/Sejuc<\/figcaption><\/figure>\n\n\n\n<p>O N\u00facleo de Intelig\u00eancia Penal investigou as informa\u00e7\u00f5es que apontavam para uma rebeli\u00e3o. De acordo com o \u00f3rg\u00e3o, o foco seria render e manter em ref\u00e9m os funcion\u00e1rios da unidade.<\/p>\n\n\n\n<p>\u201cSeguindo orienta\u00e7\u00f5es do Desipe e do NIP, ap\u00f3s 15 dias da \u00faltima revista geral realizada na Ala B, foi dada continuidade ao trabalho, nesta ter\u00e7a (30) onde foi realizada uma nova inspe\u00e7\u00e3o. Durante a a\u00e7\u00e3o, os custodiados da referida Ala jogaram para parte externa das celas, pelo lado de fora, 15 objetos perfurantes de ferro e quatro barras de ferro que serviriam para a fabrica\u00e7\u00e3o de pelo menos mais 10 armas brancas\u201d, detalha a dire\u00e7\u00e3o da unidade.<\/p>\n\n\n\n<p><em>Quer receber as principais not\u00edcias do\u00a0<strong>SE Not\u00edcias<\/strong>\u00a0no seu\u00a0<strong>WhatsApp?<\/strong>\u00a0<strong><a href=\"https:\/\/api.whatsapp.com\/send?phone=5579991715289\">Clique aqui<\/a><\/strong>.<\/em><\/p>\n\n\n\n<p>Fonte: A8SE<\/p>\n","protected":false},"excerpt":{"rendered":"<p>Nesta ter\u00e7a-feira (31), a Pol\u00edcia Penal de Sergipe conseguiu desarticular uma poss\u00edvel rebeli\u00e3o no Complexo Penitenci\u00e1rio Ant\u00f4nio Jacinto Filho (Compajaf), no Bairro Santa Maria. O N\u00facleo de Intelig\u00eancia Penal investigou as informa\u00e7\u00f5es que apontavam para uma rebeli\u00e3o. De acordo com o \u00f3rg\u00e3o, o foco seria render e manter em ref\u00e9m os funcion\u00e1rios da unidade. \u201cSeguindo [&hellip;]<\/p>\n","protected":false},"author":6557,"featured_media":0,"comment_status":"closed","ping_status":"closed","sticky":false,"template":"","format":"standard","meta":{"footnotes":""},"categories":[15,7],"tags":[2616,15319,8162,14889,16563],"class_list":{"0":"post-132830","1":"post","2":"type-post","3":"status-publish","4":"format-standard","6":"category-destaques","7":"category-policia","8":"tag-compajaf","9":"tag-complexo-penitenciario-antonio-jacinto-filho","10":"tag-desipe","11":"tag-policia-penal","12":"tag-policia-penal-de-sergipe"},"_links":{"self":[{"href":"https:\/\/senoticias.com.br\/se\/wp-json\/wp\/v2\/posts\/132830"}],"collection":[{"href":"https:\/\/senoticias.com.br\/se\/wp-json\/wp\/v2\/posts"}],"about":[{"href":"https:\/\/senoticias.com.br\/se\/wp-json\/wp\/v2\/types\/post"}],"author":[{"embeddable":true,"href":"https:\/\/senoticias.com.br\/se\/wp-json\/wp\/v2\/users\/6557"}],"replies":[{"embeddable":true,"href":"https:\/\/senoticias.com.br\/se\/wp-json\/wp\/v2\/comments?post=132830"}],"version-history":[{"count":0,"href":"https:\/\/senoticias.com.br\/se\/wp-json\/wp\/v2\/posts\/132830\/revisions"}],"wp:attachment":[{"href":"https:\/\/senoticias.com.br\/se\/wp-json\/wp\/v2\/media?parent=132830"}],"wp:term":[{"taxonomy":"category","embeddable":true,"href":"https:\/\/senoticias.com.br\/se\/wp-json\/wp\/v2\/categories?post=132830"},{"taxonomy":"post_tag","embeddable":true,"href":"https:\/\/senoticias.com.br\/se\/wp-json\/wp\/v2\/tags?post=132830"}],"curies":[{"name":"wp","href":"https:\/\/api.w.org\/{rel}","templated":true}]}}