{"id":132828,"date":"2022-05-31T15:46:32","date_gmt":"2022-05-31T18:46:32","guid":{"rendered":"https:\/\/senoticias.com.br\/se\/?p=132828"},"modified":"2022-05-31T19:10:10","modified_gmt":"2022-05-31T22:10:10","slug":"saude-apresenta-plano-estrategico-para-os-festejos-juninos-2022","status":"publish","type":"post","link":"https:\/\/senoticias.com.br\/se\/saude-apresenta-plano-estrategico-para-os-festejos-juninos-2022\/","title":{"rendered":"Secretaria de Estado da Sa\u00fade apresenta Plano Estrat\u00e9gico para os Festejos Juninos 2022"},"content":{"rendered":"\n<p>Em coletiva de imprensa, realizada no Centro Administrativo da Sa\u00fade na manh\u00e3 desta ter\u00e7a-feira, 31, a secret\u00e1ria de Estado da Sa\u00fade, M\u00e9rcia Feitosa, apresentou o Plano Estrat\u00e9gico de a\u00e7\u00f5es da Sa\u00fade para os Festejos Juninos 2022. Tamb\u00e9m foi lan\u00e7ado o mote da campanha da Secretaria de Sa\u00fade para os festejos juninos deste ano: \u201cForr\u00f3 e vacina\u00e7\u00e3o\u201d, com foco principal na Covid-19.<\/p>\n\n\n\n<figure class=\"wp-block-image size-large\"><img loading=\"lazy\" decoding=\"async\" width=\"1024\" height=\"682\" src=\"https:\/\/senoticias.com.br\/se\/wp-content\/uploads\/2022\/05\/WhatsApp-Image-2022-05-31-at-09.43.20-1024x682.jpeg\" alt=\"\" class=\"wp-image-132829\"\/><figcaption>A secret\u00e1ria de Estado da Sa\u00fade, M\u00e9rcia Feitosa, apresentou o Plano Estrat\u00e9gico &#8211; Foto: Valter Sobrinho \/SES<\/figcaption><\/figure>\n\n\n\n<p>\u201cN\u00f3s temos a vacina como principal ferramenta para trabalhar nesse momento com toda a popula\u00e7\u00e3o porque entendemos que essa popula\u00e7\u00e3o est\u00e1 envolvida com os festejos juninos, o que \u00e9 natural depois de dois anos sem esse que \u00e9 um dos principais eventos da nossa gente\u201d, disse em sua fala de abertura.<\/p>\n\n\n\n<p>M\u00e9rcia Feitosa apresentou os dados da cobertura vacinal contra a Covid-19 em Sergipe. Ela mostrou que o grupo de idosos est\u00e1 com uma cobertura significativa de 86% at\u00e9 o primeiro refor\u00e7o. No entanto, quando se trata do segundo refor\u00e7o, apenas 34% dos idosos foram vacinados, o que, segundo ela \u00e9 preocupante, tanto quanto o grupo de adultos, que cobre a faixa et\u00e1ria de 18 a 59 anos. Apenas 50% deles tomaram a dose de refor\u00e7o.<\/p>\n\n\n\n<p>\u201cS\u00e3o essas pessoas que estar\u00e3o nas festas juninas, ou seja, em ambientes aglomerados, e precisam estar vacinadas porque a gente tem que reativar a imunidade da nossa popula\u00e7\u00e3o, a gente tem que come\u00e7ar a criar algo como um cintur\u00e3o de prote\u00e7\u00e3o e isso a gente s\u00f3 vai conseguir se todos buscarem a vacina. \u00c9 importante que, com a mesma \u00eanfase que estamos buscamos a divers\u00e3o, busquemos tamb\u00e9m a preven\u00e7\u00e3o, a imuniza\u00e7\u00e3o\u201d, conclamou Feitosa.<\/p>\n\n\n\n<p>Quanto \u00e0 cobertura vacinal do adolescente, a secret\u00e1ria evidenciou que 80% deles est\u00e3o vacinados com a segunda dose, percentual que ainda pode ser ampliado para que se chegue ao desejado, que \u00e9 de 85% para todos os grupos. M\u00e9rcia Feitosa informou que Sergipe vai come\u00e7ar a executar o primeiro refor\u00e7o para adolescente, a\u00e7\u00e3o aprovada pelo Minist\u00e9rio da Sa\u00fade. Ao falar sobre a crian\u00e7a, a secret\u00e1ria informou que 70% delas tomaram a primeira dose, mas apenas 40% receberam a segunda dose. \u201cPais e respons\u00e1veis precisam retomar a vacina\u00e7\u00e3o das crian\u00e7as\u201d, orientou.<\/p>\n\n\n\n<p><strong>Sa\u00fade preparada<\/strong><br><br>Na companhia do coordenador da Unidade de Tratamento de Queimados (UTQ) do Hospital de Urg\u00eancia de Sergipe, Bruno Cintra, e das superintendentes do Samu, \u00c9rica Junqueira de Alencar, e Hemose, Erivalda Gon\u00e7alves Barreto, M\u00e9rcia Feitosa atestou que a Secretaria de Estado da Sa\u00fade est\u00e1 pronta e organizada para garanti assist\u00eancia de m\u00e9dia e alta complexidade \u00e0 popula\u00e7\u00e3o sergipana durante os festejos juninos.<br>Em sua fala, Cintra destacou que queimaduras s\u00e3o evit\u00e1veis, tanto que durante a pandemia, quando foi proibido queimar fogueiras e soltar fogos, houve uma queda de 50% no n\u00famero de queimados no per\u00edodo junino, e de quase 60% na ocupa\u00e7\u00e3o das unidades no Estado. \u201cFogos de artif\u00edcio s\u00e3o p\u00f3lvora e fogo, o que implica em dizer que inevitavelmente ir\u00e3o queimar alguma crian\u00e7a mais desavisada. Da mesma forma, a mistura \u00e1lcool, fogueira e crian\u00e7a sinaliza tend\u00eancia de que algum acidente grave pode acontecer. A popula\u00e7\u00e3o precisa estar em alertar para esses fatos\u201d, disse, salientando que equipes e estrutura do Huse est\u00e3o preparadas para atender a popula\u00e7\u00e3o.<\/p>\n\n\n\n<p>A superintendente do Samu informou que desde o m\u00eas passado o servi\u00e7o tem recebido solicita\u00e7\u00e3o para atendimento e apoio nas festas, somando 14 munic\u00edpios que, juntos, totalizar\u00e3o 27 dias de folia, aglomerando p\u00fablicos pequenos, m\u00e9dios e grandes. \u201cCriamos um estrutura espec\u00edfica para o S\u00e3o Jo\u00e3o que envolve 170 profissionais, entre m\u00e9dicos, enfermeiros, t\u00e9cnicos de enfermagem e condutores, e 41 viaturas. Deixo claro que essa organiza\u00e7\u00e3o est\u00e1 \u00e0 parte dos atendimentos rotineiros do Samu. A popula\u00e7\u00e3o que n\u00e3o estar\u00e1 na festa n\u00e3o ser\u00e1 desassistida\u201d, atestou.<\/p>\n\n\n\n<p>A superintendente do Hemose destacou o Junho Vermelho, m\u00eas de mobiliza\u00e7\u00e3o pela doa\u00e7\u00e3o de sangue. \u201cEsta \u00e9 uma campanha mundial, quando a gente propaga e intensifica os trabalhos de capta\u00e7\u00e3o de doa\u00e7\u00f5es para o nosso controle de estoque. \u00c9 necess\u00e1ria uma m\u00ednima de 120 a 150 doa\u00e7\u00f5es por dia para a reserva de seguran\u00e7a e assim atender toda a rede hospitalar. Ent\u00e3o, refor\u00e7amos aqui a import\u00e2ncia da popula\u00e7\u00e3o se conscientizar quanto a import\u00e2ncia da preven\u00e7\u00e3o, tanto em rela\u00e7\u00e3o \u00e0s doen\u00e7as, quanto a comportamentos que ameacem a pr\u00f3pria vida e a vida dos outros, como beber e dirigir\u201d, aconselhou.<\/p>\n\n\n\n<p><em>Quer receber as principais not\u00edcias do&nbsp;<strong>SE Not\u00edcias<\/strong>&nbsp;no seu&nbsp;<strong>WhatsApp?<\/strong>&nbsp;<strong><a href=\"https:\/\/api.whatsapp.com\/send?phone=5579991715289\">Clique aqui<\/a><\/strong>.<\/em><\/p>\n\n\n\n<p>Fonte: Secretaria de Estado da Sa\u00fade<\/p>\n","protected":false},"excerpt":{"rendered":"<p>Em coletiva de imprensa, realizada no Centro Administrativo da Sa\u00fade na manh\u00e3 desta ter\u00e7a-feira, 31, a secret\u00e1ria de Estado da Sa\u00fade, M\u00e9rcia Feitosa, apresentou o Plano Estrat\u00e9gico de a\u00e7\u00f5es da Sa\u00fade para os Festejos Juninos 2022. Tamb\u00e9m foi lan\u00e7ado o mote da campanha da Secretaria de Sa\u00fade para os festejos juninos deste ano: \u201cForr\u00f3 e [&hellip;]<\/p>\n","protected":false},"author":6557,"featured_media":0,"comment_status":"closed","ping_status":"closed","sticky":false,"template":"","format":"standard","meta":{"footnotes":""},"categories":[15,6],"tags":[619,36670,36476,6385],"class_list":{"0":"post-132828","1":"post","2":"type-post","3":"status-publish","4":"format-standard","6":"category-destaques","7":"category-politica","8":"tag-festejos-juninos","9":"tag-forro-e-vacinacao","10":"tag-plano-estrategico","11":"tag-secretaria-de-estado-da-saude"},"_links":{"self":[{"href":"https:\/\/senoticias.com.br\/se\/wp-json\/wp\/v2\/posts\/132828"}],"collection":[{"href":"https:\/\/senoticias.com.br\/se\/wp-json\/wp\/v2\/posts"}],"about":[{"href":"https:\/\/senoticias.com.br\/se\/wp-json\/wp\/v2\/types\/post"}],"author":[{"embeddable":true,"href":"https:\/\/senoticias.com.br\/se\/wp-json\/wp\/v2\/users\/6557"}],"replies":[{"embeddable":true,"href":"https:\/\/senoticias.com.br\/se\/wp-json\/wp\/v2\/comments?post=132828"}],"version-history":[{"count":0,"href":"https:\/\/senoticias.com.br\/se\/wp-json\/wp\/v2\/posts\/132828\/revisions"}],"wp:attachment":[{"href":"https:\/\/senoticias.com.br\/se\/wp-json\/wp\/v2\/media?parent=132828"}],"wp:term":[{"taxonomy":"category","embeddable":true,"href":"https:\/\/senoticias.com.br\/se\/wp-json\/wp\/v2\/categories?post=132828"},{"taxonomy":"post_tag","embeddable":true,"href":"https:\/\/senoticias.com.br\/se\/wp-json\/wp\/v2\/tags?post=132828"}],"curies":[{"name":"wp","href":"https:\/\/api.w.org\/{rel}","templated":true}]}}