{"id":132802,"date":"2022-05-30T14:31:46","date_gmt":"2022-05-30T17:31:46","guid":{"rendered":"https:\/\/senoticias.com.br\/se\/?p=132802"},"modified":"2022-05-30T22:36:40","modified_gmt":"2022-05-31T01:36:40","slug":"novo-modelo-da-cnh-comecara-a-ser-emitido-nesta-quarta-feira","status":"publish","type":"post","link":"https:\/\/senoticias.com.br\/se\/novo-modelo-da-cnh-comecara-a-ser-emitido-nesta-quarta-feira\/","title":{"rendered":"Novo modelo da CNH come\u00e7ar\u00e1 a ser emitido nesta quarta-feira"},"content":{"rendered":"\n<p>A partir deste 1\u00ba de junho, a Carteira Nacional de Habilita\u00e7\u00e3o (CNH) passar\u00e1 a ser emitida em um novo formato. Segundo a Secretaria Nacional de Tr\u00e2nsito (Senatran), o documento ficar\u00e1 \u201cmais moderno\u201d e, cumprindo determina\u00e7\u00f5es legais, possibilitar\u00e1 o uso do nome social e da filia\u00e7\u00e3o afetiva do condutor que assim desejar.<\/p>\n\n\n\n<figure class=\"wp-block-image size-large\"><img loading=\"lazy\" decoding=\"async\" width=\"1024\" height=\"613\" src=\"https:\/\/senoticias.com.br\/se\/wp-content\/uploads\/2022\/05\/sem_titulo-1_55-1024x613.jpg\" alt=\"\" class=\"wp-image-132803\"\/><figcaption> Documento incorporou c\u00f3digo internacional utilizado nos passaportes &#8211; Foto: Minist\u00e9rio da Infraestrutura\/<\/figcaption><\/figure>\n\n\n\n<p>Foi tamb\u00e9m incorporado um c\u00f3digo internacional utilizado nos passaportes, que permite ao condutor embarcar em terminais de autoatendimento nos aeroportos brasileiros. Como ter\u00e1 informa\u00e7\u00f5es impressas em ingl\u00eas e franc\u00eas, al\u00e9m do portugu\u00eas, o documento facilitar\u00e1 o uso em outros pa\u00edses.<\/p>\n\n\n\n<p>As mudan\u00e7as estavam previstas desde dezembro de 2021, quando o Conselho Nacional de Tr\u00e2nsito publicou a Resolu\u00e7\u00e3o n\u00ba 886, que regulamenta especifica\u00e7\u00f5es, produ\u00e7\u00e3o e expedi\u00e7\u00e3o da CNH.<\/p>\n\n\n\n<p>A substitui\u00e7\u00e3o da CNH n\u00e3o \u00e9 obrigat\u00f3ria. Ela ser\u00e1 implementada de forma gradual para novas habilita\u00e7\u00f5es, na medida em que os condutores venham a renovar ou emitir a segunda via do documento.<\/p>\n\n\n\n<p>Conforme previsto na resolu\u00e7\u00e3o &#8211; que detalha os itens de seguran\u00e7a que passar\u00e3o a ser adotados e apresenta como ser\u00e1 o visual do documento -, a nova vers\u00e3o da carteira de motorista trar\u00e1 uma tabela para identificar os tipos de ve\u00edculos que o condutor est\u00e1 apto a conduzir, bem como informa\u00e7\u00f5es sobre o exerc\u00edcio de atividade remunerada do motorista e poss\u00edveis restri\u00e7\u00f5es m\u00e9dicas.<\/p>\n\n\n\n<p>A nova CNH adotar\u00e1 uma nova cor. Al\u00e9m do verde, ter\u00e1 tamb\u00e9m o amarelo e novos elementos gr\u00e1ficos para dificultar a falsifica\u00e7\u00e3o e fraudes. O documento ter\u00e1 um QR Code e poder\u00e1 ser expedido nos formatos f\u00edsico, digital ou ambos.<\/p>\n\n\n\n<p><em>Quer receber as principais not\u00edcias do&nbsp;<strong>SE Not\u00edcias<\/strong>&nbsp;no seu&nbsp;<strong>WhatsApp?<\/strong>&nbsp;<strong><a href=\"https:\/\/api.whatsapp.com\/send?phone=5579991715289\">Clique aqui<\/a><\/strong>.<\/em><\/p>\n\n\n\n<p><strong>Fonte:<\/strong> Ag\u00eancia Brasil<\/p>\n","protected":false},"excerpt":{"rendered":"<p>A partir deste 1\u00ba de junho, a Carteira Nacional de Habilita\u00e7\u00e3o (CNH) passar\u00e1 a ser emitida em um novo formato. Segundo a Secretaria Nacional de Tr\u00e2nsito (Senatran), o documento ficar\u00e1 \u201cmais moderno\u201d e, cumprindo determina\u00e7\u00f5es legais, possibilitar\u00e1 o uso do nome social e da filia\u00e7\u00e3o afetiva do condutor que assim desejar. Foi tamb\u00e9m incorporado um [&hellip;]<\/p>\n","protected":false},"author":6557,"featured_media":0,"comment_status":"closed","ping_status":"closed","sticky":false,"template":"","format":"standard","meta":{"footnotes":""},"categories":[15,6],"tags":[4928,36657,36658],"class_list":{"0":"post-132802","1":"post","2":"type-post","3":"status-publish","4":"format-standard","6":"category-destaques","7":"category-politica","8":"tag-cnh","9":"tag-novo-modelo-da-cnh","10":"tag-senatran"},"_links":{"self":[{"href":"https:\/\/senoticias.com.br\/se\/wp-json\/wp\/v2\/posts\/132802"}],"collection":[{"href":"https:\/\/senoticias.com.br\/se\/wp-json\/wp\/v2\/posts"}],"about":[{"href":"https:\/\/senoticias.com.br\/se\/wp-json\/wp\/v2\/types\/post"}],"author":[{"embeddable":true,"href":"https:\/\/senoticias.com.br\/se\/wp-json\/wp\/v2\/users\/6557"}],"replies":[{"embeddable":true,"href":"https:\/\/senoticias.com.br\/se\/wp-json\/wp\/v2\/comments?post=132802"}],"version-history":[{"count":0,"href":"https:\/\/senoticias.com.br\/se\/wp-json\/wp\/v2\/posts\/132802\/revisions"}],"wp:attachment":[{"href":"https:\/\/senoticias.com.br\/se\/wp-json\/wp\/v2\/media?parent=132802"}],"wp:term":[{"taxonomy":"category","embeddable":true,"href":"https:\/\/senoticias.com.br\/se\/wp-json\/wp\/v2\/categories?post=132802"},{"taxonomy":"post_tag","embeddable":true,"href":"https:\/\/senoticias.com.br\/se\/wp-json\/wp\/v2\/tags?post=132802"}],"curies":[{"name":"wp","href":"https:\/\/api.w.org\/{rel}","templated":true}]}}