{"id":132797,"date":"2022-05-29T18:45:28","date_gmt":"2022-05-29T21:45:28","guid":{"rendered":"https:\/\/senoticias.com.br\/se\/?p=132797"},"modified":"2022-05-29T18:45:34","modified_gmt":"2022-05-29T21:45:34","slug":"cantor-sertanejo-esposa-e-filho-morrem-em-acidente-na-br-364-em-minas-gerais","status":"publish","type":"post","link":"https:\/\/senoticias.com.br\/se\/cantor-sertanejo-esposa-e-filho-morrem-em-acidente-na-br-364-em-minas-gerais\/","title":{"rendered":"Cantor sertanejo, esposa e filho morrem em acidente na BR-364, em Minas Gerais"},"content":{"rendered":"\n<p>O cantor sertanejo Piettro Dias morreu na noite deste s\u00e1bado, em um grave acidente na altura do km 6 da BR-364, entre os munic\u00edpios de Frutal e Planura, em Minas Gerais. A esposa dele, Tatiane Silva, 30, e o filho do casal, Jo\u00e3o Pedro, 6, chegaram a ser socorridos, mas n\u00e3o resistiram aos ferimentos.<\/p>\n\n\n\n<figure class=\"wp-block-image size-large\"><img loading=\"lazy\" decoding=\"async\" width=\"578\" height=\"483\" src=\"https:\/\/senoticias.com.br\/se\/wp-content\/uploads\/2022\/05\/Cantor-morre-se-noticias.png\" alt=\"\" class=\"wp-image-132798\" srcset=\"https:\/\/senoticias.com.br\/se\/wp-content\/uploads\/2022\/05\/Cantor-morre-se-noticias.png 578w, https:\/\/senoticias.com.br\/se\/wp-content\/uploads\/2022\/05\/Cantor-morre-se-noticias-300x251.png 300w\" sizes=\"(max-width: 578px) 100vw, 578px\" \/><figcaption>Cantor sertanejo Piettro Dias, esposa e filho morrem em acidente de carro &#8211; Foto: arquivo\/fam\u00edlia<\/figcaption><\/figure>\n\n\n\n<p>De acordo com informa\u00e7\u00f5es do Corpo de Bombeiros, o ve\u00edculo conduzido pelo artista teria colidido contra um caminh\u00e3o. O corpo de Piettro ficou preso \u00e0s ferragens, e o \u00f3bito foi constatado ainda no local, de acordo com o g1.<\/p>\n\n\n\n<p>O motorista do caminh\u00e3o n\u00e3o sofreu ferimentos e dispensou atendimento m\u00e9dico.<\/p>\n\n\n\n<p>Ainda conforme os bombeiros, foi necess\u00e1rio aplicar serragem na pista, devido ao vazamento de \u00f3leo dos ve\u00edculos.<\/p>\n\n\n\n<p>A Pol\u00edcia Militar (PM) e a Pol\u00edcia Rodovi\u00e1ria Federal (PRF) tamb\u00e9m atuaram na ocorr\u00eancia. O corpo foi liberado ap\u00f3s os trabalhos da per\u00edcia.<\/p>\n\n\n\n<p>Pelas redes sociais, o perfil oficial da Expo Frutal, evento que acontecer\u00e1 entre os dias 26 de junho e 3 de julho, com apresenta\u00e7\u00e3o do sertanejo, lamentou o acidente e a perda do artista. &#8220;Jovem, carism\u00e1tico e muito talentoso, Piettro h\u00e1 alguns anos vem se apresentando na Expo Frutal. Neste momento de dor, deixamos aqui nossos sentimentos aos familiares, amigos e admiradores do seu trabalho&#8221;.<\/p>\n\n\n\n<p><em>Quer receber as principais not\u00edcias do\u00a0<strong>SE Not\u00edcias<\/strong>\u00a0no seu\u00a0<strong>WhatsApp?<\/strong>\u00a0<strong><a href=\"https:\/\/api.whatsapp.com\/send?phone=5579991715289\">Clique aqui<\/a><\/strong>.<\/em><\/p>\n\n\n\n<p>Fonte: <strong><a href=\"https:\/\/g1.globo.com\/mg\/triangulo-mineiro\/noticia\/2022\/05\/29\/cantor-piettro-dias-esposa-e-filho-morrem-em-acidente-na-br-364-entre-frutal-e-planura.ghtml\">G1 <\/a><\/strong>MG<\/p>\n","protected":false},"excerpt":{"rendered":"<p>O cantor sertanejo Piettro Dias morreu na noite deste s\u00e1bado, em um grave acidente na altura do km 6 da BR-364, entre os munic\u00edpios de Frutal e Planura, em Minas Gerais. A esposa dele, Tatiane Silva, 30, e o filho do casal, Jo\u00e3o Pedro, 6, chegaram a ser socorridos, mas n\u00e3o resistiram aos ferimentos. De [&hellip;]<\/p>\n","protected":false},"author":6557,"featured_media":0,"comment_status":"closed","ping_status":"closed","sticky":false,"template":"","format":"standard","meta":{"footnotes":""},"categories":[15,2961],"tags":[4324,36651,234,36653,36654,36652],"class_list":{"0":"post-132797","1":"post","2":"type-post","3":"status-publish","4":"format-standard","6":"category-destaques","7":"category-nacional","8":"tag-cantor-sertanejo","9":"tag-cantor-sertanejo-piettro-dias","10":"tag-minas-gerais","11":"tag-municipio-de-frutal","12":"tag-municipio-de-planura","13":"tag-sertanejo-piettro-dias"},"_links":{"self":[{"href":"https:\/\/senoticias.com.br\/se\/wp-json\/wp\/v2\/posts\/132797"}],"collection":[{"href":"https:\/\/senoticias.com.br\/se\/wp-json\/wp\/v2\/posts"}],"about":[{"href":"https:\/\/senoticias.com.br\/se\/wp-json\/wp\/v2\/types\/post"}],"author":[{"embeddable":true,"href":"https:\/\/senoticias.com.br\/se\/wp-json\/wp\/v2\/users\/6557"}],"replies":[{"embeddable":true,"href":"https:\/\/senoticias.com.br\/se\/wp-json\/wp\/v2\/comments?post=132797"}],"version-history":[{"count":0,"href":"https:\/\/senoticias.com.br\/se\/wp-json\/wp\/v2\/posts\/132797\/revisions"}],"wp:attachment":[{"href":"https:\/\/senoticias.com.br\/se\/wp-json\/wp\/v2\/media?parent=132797"}],"wp:term":[{"taxonomy":"category","embeddable":true,"href":"https:\/\/senoticias.com.br\/se\/wp-json\/wp\/v2\/categories?post=132797"},{"taxonomy":"post_tag","embeddable":true,"href":"https:\/\/senoticias.com.br\/se\/wp-json\/wp\/v2\/tags?post=132797"}],"curies":[{"name":"wp","href":"https:\/\/api.w.org\/{rel}","templated":true}]}}