{"id":132758,"date":"2022-05-26T14:57:31","date_gmt":"2022-05-26T17:57:31","guid":{"rendered":"https:\/\/senoticias.com.br\/se\/?p=132758"},"modified":"2022-05-26T15:22:12","modified_gmt":"2022-05-26T18:22:12","slug":"governo-autoriza-contratacao-de-candidatos-aprovados-para-pf-e-prf","status":"publish","type":"post","link":"https:\/\/senoticias.com.br\/se\/governo-autoriza-contratacao-de-candidatos-aprovados-para-pf-e-prf\/","title":{"rendered":"Governo autoriza contrata\u00e7\u00e3o de candidatos aprovados para PF e PRF"},"content":{"rendered":"\n<p><\/p>\n\n\n\n<p>O governo federal publicou hoje (26), no Di\u00e1rio Oficial da Uni\u00e3o (DOU), um decreto autorizando a nomea\u00e7\u00e3o de 625 candidatos aprovados no concurso da Pol\u00edcia Rodovi\u00e1ria Federal, que n\u00e3o passaram dentro do quantitativo de vagas. A publica\u00e7\u00e3o autoriza o in\u00edcio do curso de forma\u00e7\u00e3o para o cargo.<\/p>\n\n\n\n<figure class=\"wp-block-image size-large\"><img loading=\"lazy\" decoding=\"async\" width=\"584\" height=\"392\" src=\"https:\/\/senoticias.com.br\/se\/wp-content\/uploads\/2022\/05\/PRF-SE-Noticias.jpg\" alt=\"\" class=\"wp-image-132760\" srcset=\"https:\/\/senoticias.com.br\/se\/wp-content\/uploads\/2022\/05\/PRF-SE-Noticias.jpg 584w, https:\/\/senoticias.com.br\/se\/wp-content\/uploads\/2022\/05\/PRF-SE-Noticias-300x201.jpg 300w, https:\/\/senoticias.com.br\/se\/wp-content\/uploads\/2022\/05\/PRF-SE-Noticias-90x60.jpg 90w, https:\/\/senoticias.com.br\/se\/wp-content\/uploads\/2022\/05\/PRF-SE-Noticias-180x120.jpg 180w, https:\/\/senoticias.com.br\/se\/wp-content\/uploads\/2022\/05\/PRF-SE-Noticias-95x64.jpg 95w\" sizes=\"(max-width: 584px) 100vw, 584px\" \/><figcaption>No total, ser\u00e3o 1.250 vagas para as pol\u00edcias &#8211; Foto: F\u00e1bio Rodrigues\/Pozzebom\/Abr<\/figcaption><\/figure>\n\n\n\n<p>O concurso, realizado no ano passado, ofereceu um total de 1,5 mil vagas. Segundo o decreto, a nomea\u00e7\u00e3o dos novos policiais ficar\u00e1 condicionada ao provimento do quantitativo de vagas originalmente previsto no concurso p\u00fablico e \u00e0 exist\u00eancia de vagas na data da nomea\u00e7\u00e3o.<\/p>\n\n\n\n<p>Al\u00e9m da nomea\u00e7\u00e3o dos policiais rodovi\u00e1rios, o DOU tamb\u00e9m trouxe outro decreto, autorizando o in\u00edcio do curso de forma\u00e7\u00e3o para 625 agentes da Pol\u00edcia Federal.<\/p>\n\n\n\n<p>A nomea\u00e7\u00e3o dos policiais tamb\u00e9m seguir\u00e1 as regras relativas ao provimento do quantitativo de vagas originalmente previsto no concurso p\u00fablico e \u00e0 exist\u00eancia de vagas na data da nomea\u00e7\u00e3o.<\/p>\n\n\n\n<p><strong><em>Acompanhe tamb\u00e9m o SE Not\u00edcias no\u00a0<a rel=\"noreferrer noopener\" href=\"https:\/\/twitter.com\/Senoticias\" target=\"_blank\">Twitter<\/a>,\u00a0<a rel=\"noreferrer noopener\" href=\"https:\/\/www.facebook.com\/senoticias1\" target=\"_blank\">Facebook<\/a>\u00a0e no\u00a0<a rel=\"noreferrer noopener\" href=\"https:\/\/www.instagram.com\/senoticias\/\" target=\"_blank\">Instagram<\/a><\/em><\/strong>.<\/p>\n\n\n\n<p>Fonte: Ag\u00eancia Brasil<\/p>\n","protected":false},"excerpt":{"rendered":"<p>O governo federal publicou hoje (26), no Di\u00e1rio Oficial da Uni\u00e3o (DOU), um decreto autorizando a nomea\u00e7\u00e3o de 625 candidatos aprovados no concurso da Pol\u00edcia Rodovi\u00e1ria Federal, que n\u00e3o passaram dentro do quantitativo de vagas. A publica\u00e7\u00e3o autoriza o in\u00edcio do curso de forma\u00e7\u00e3o para o cargo. O concurso, realizado no ano passado, ofereceu um [&hellip;]<\/p>\n","protected":false},"author":6557,"featured_media":0,"comment_status":"closed","ping_status":"closed","sticky":false,"template":"","format":"standard","meta":{"footnotes":""},"categories":[9,15,7],"tags":[11180,4155,77],"class_list":{"0":"post-132758","1":"post","2":"type-post","3":"status-publish","4":"format-standard","6":"category-concursos","7":"category-destaques","8":"category-policia","9":"tag-concurso-prf","10":"tag-policia-rodoviaria-federal","11":"tag-prf"},"_links":{"self":[{"href":"https:\/\/senoticias.com.br\/se\/wp-json\/wp\/v2\/posts\/132758"}],"collection":[{"href":"https:\/\/senoticias.com.br\/se\/wp-json\/wp\/v2\/posts"}],"about":[{"href":"https:\/\/senoticias.com.br\/se\/wp-json\/wp\/v2\/types\/post"}],"author":[{"embeddable":true,"href":"https:\/\/senoticias.com.br\/se\/wp-json\/wp\/v2\/users\/6557"}],"replies":[{"embeddable":true,"href":"https:\/\/senoticias.com.br\/se\/wp-json\/wp\/v2\/comments?post=132758"}],"version-history":[{"count":0,"href":"https:\/\/senoticias.com.br\/se\/wp-json\/wp\/v2\/posts\/132758\/revisions"}],"wp:attachment":[{"href":"https:\/\/senoticias.com.br\/se\/wp-json\/wp\/v2\/media?parent=132758"}],"wp:term":[{"taxonomy":"category","embeddable":true,"href":"https:\/\/senoticias.com.br\/se\/wp-json\/wp\/v2\/categories?post=132758"},{"taxonomy":"post_tag","embeddable":true,"href":"https:\/\/senoticias.com.br\/se\/wp-json\/wp\/v2\/tags?post=132758"}],"curies":[{"name":"wp","href":"https:\/\/api.w.org\/{rel}","templated":true}]}}