{"id":132717,"date":"2022-05-24T15:18:57","date_gmt":"2022-05-24T18:18:57","guid":{"rendered":"https:\/\/senoticias.com.br\/se\/?p=132717"},"modified":"2022-05-24T15:23:42","modified_gmt":"2022-05-24T18:23:42","slug":"senac-lanca-nova-programacao-de-cursos-para-o-proximo-quadrimestre","status":"publish","type":"post","link":"https:\/\/senoticias.com.br\/se\/senac-lanca-nova-programacao-de-cursos-para-o-proximo-quadrimestre\/","title":{"rendered":"Senac lan\u00e7a nova programa\u00e7\u00e3o de cursos para o pr\u00f3ximo quadrimestre"},"content":{"rendered":"\n<p>A programa\u00e7\u00e3o de cursos do Servi\u00e7o Nacional de Aprendizagem Comercial (SENAC) para o per\u00edodo de maio a agosto, est\u00e1 dispon\u00edvel para consulta, informa\u00e7\u00f5es e matr\u00edculas em todas as unidades da institui\u00e7\u00e3o e tamb\u00e9m no site<strong> se.senac.br<\/strong>.<\/p>\n\n\n\n<p>Est\u00e3o sendo <strong>ofertadas mais de 4000 vagas distribu\u00eddas em mais de 190 turmas<\/strong>, para os cursos que ser\u00e3o ministrados em Aracaju, Lagarto, Itabaiana, Tobias Barreto, Nossa Senhora da Gl\u00f3ria, Propri\u00e1 e Unidade M\u00f3vel. As matr\u00edculas podem ser feitas online, atrav\u00e9s do cat\u00e1logo de cursos no site cursos.se.senac.br, ou nas unidades Senac, com exce\u00e7\u00e3o dos cursos t\u00e9cnicos, cujas as inscri\u00e7\u00f5es s\u00e3o feitas de forma presencial.<\/p>\n\n\n\n<p>Atento \u00e0 miss\u00e3o de desenvolver organiza\u00e7\u00f5es e pessoas para o mundo do trabalho atrav\u00e9s da educa\u00e7\u00e3o profissional, o Senac oportuniza a qualifica\u00e7\u00e3o do trabalhador nas \u00e1reas de inform\u00e1tica, beleza, sa\u00fade, gastronomia, produ\u00e7\u00e3o de alimentos, gest\u00e3o e neg\u00f3cios, comunica\u00e7\u00e3o, idiomas, infraestrutura e moda, al\u00e9m dos cursos t\u00e9cnicos.<\/p>\n\n\n\n<figure class=\"wp-block-image size-large\"><img loading=\"lazy\" decoding=\"async\" width=\"578\" height=\"280\" src=\"https:\/\/senoticias.com.br\/se\/wp-content\/uploads\/2022\/05\/Cursos-Senac-SE-Noticias.png\" alt=\"\" class=\"wp-image-132718\" srcset=\"https:\/\/senoticias.com.br\/se\/wp-content\/uploads\/2022\/05\/Cursos-Senac-SE-Noticias.png 578w, https:\/\/senoticias.com.br\/se\/wp-content\/uploads\/2022\/05\/Cursos-Senac-SE-Noticias-300x145.png 300w\" sizes=\"(max-width: 578px) 100vw, 578px\" \/><figcaption>O Senac tem previs\u00e3o de lan\u00e7ar ainda este ano, os Cursos T\u00e9cnicos em Nutri\u00e7\u00e3o e Diet\u00e9tica e o T\u00e9cnico em Gastronomia &#8211; Foto: reprodu\u00e7\u00e3o\/Senac<\/figcaption><\/figure>\n\n\n\n<p>Entre os diversos cursos est\u00e3o o de Orat\u00f3ria, Vendedor, Assistente Administrativo, Assistente de Recursos Humanos, Assistente de Pessoal, C\u00e1lculos Trabalhistas, L\u00edngua Brasileira de Sinais (Libras), Cuidador de Idosos, Fotografia Comercial Com Celular, Inform\u00e1tica, Power BI, dentre outros.<\/p>\n\n\n\n<p>Na \u00e1rea de Hotelaria, est\u00e3o abertas as matr\u00edculas para os cursos de Agente de Alimenta\u00e7\u00e3o Escolar, Preparo de Pizzas, Comidas T\u00edpicas Juninas, Salgadeiro, Auxiliar de Cozinha, Pizzaiolo, Vinhos e Harmoniza\u00e7\u00f5es, Preparo de Massas Frescas e Recheadas, Preparo de queijos artesanais, Decora\u00e7\u00e3o com Bicos de Confeitar, Panifica\u00e7\u00e3o:<\/p>\n\n\n\n<p>t\u00e9cnicas e bases, Confeiteiro. E os cursos do segmento de hospitalidade: Recep\u00e7\u00e3o de Hot\u00e9is: Opera\u00e7\u00e3o e Procedimentos, Camareira &#8211; T\u00e9cnicas de Limpeza e Arruma\u00e7\u00e3o.<br><br>O Senac tem previs\u00e3o de lan\u00e7ar ainda este ano, os Cursos T\u00e9cnicos em Nutri\u00e7\u00e3o e Diet\u00e9tica e o T\u00e9cnico em Gastronomia, que ser\u00e3o realizados no novo Centro de Gastronomia. As matr\u00edculas para os cursos t\u00e9cnicos em R\u00e1dio e TV e Log\u00edstica encontram-se abertas na unidade Senac em Aracaju.<\/p>\n\n\n\n<p>Quer conferir nossas novidades e toda programa\u00e7\u00e3o completa? Acesse o site cursos.se.senac.br e obtenha informa\u00e7\u00f5es necess\u00e1rias para a matr\u00edcula e os descontos do plano de fideliza\u00e7\u00e3o que podem ser encontrados no site (<strong>www.se.senac.br<\/strong>). Mais informa\u00e7\u00f5es atrav\u00e9s do telefone (<strong>79) 3212-1560<\/strong>.<\/p>\n\n\n\n<p><strong><em>Acompanhe tamb\u00e9m o SE Not\u00edcias no\u00a0<a rel=\"noreferrer noopener\" href=\"https:\/\/twitter.com\/Senoticias\" target=\"_blank\">Twitter<\/a>,\u00a0<a rel=\"noreferrer noopener\" href=\"https:\/\/www.facebook.com\/senoticias1\" target=\"_blank\">Facebook<\/a>\u00a0e no\u00a0<a rel=\"noreferrer noopener\" href=\"https:\/\/www.instagram.com\/senoticias\/\" target=\"_blank\">Instagram<\/a><\/em><\/strong>.<\/p>\n\n\n\n<p>Fonte: ascom\/Senac\/SE<\/p>\n","protected":false},"excerpt":{"rendered":"<p>A programa\u00e7\u00e3o de cursos do Servi\u00e7o Nacional de Aprendizagem Comercial (SENAC) para o per\u00edodo de maio a agosto, est\u00e1 dispon\u00edvel para consulta, informa\u00e7\u00f5es e matr\u00edculas em todas as unidades da institui\u00e7\u00e3o e tamb\u00e9m no site se.senac.br. Est\u00e3o sendo ofertadas mais de 4000 vagas distribu\u00eddas em mais de 190 turmas, para os cursos que ser\u00e3o ministrados [&hellip;]<\/p>\n","protected":false},"author":6557,"featured_media":0,"comment_status":"closed","ping_status":"closed","sticky":false,"template":"","format":"standard","meta":{"footnotes":""},"categories":[15,38,1],"tags":[36603,3021],"class_list":{"0":"post-132717","1":"post","2":"type-post","3":"status-publish","4":"format-standard","6":"category-destaques","7":"category-municipios","8":"category-sem-categoria","9":"tag-programacao-senac","10":"tag-senac"},"_links":{"self":[{"href":"https:\/\/senoticias.com.br\/se\/wp-json\/wp\/v2\/posts\/132717"}],"collection":[{"href":"https:\/\/senoticias.com.br\/se\/wp-json\/wp\/v2\/posts"}],"about":[{"href":"https:\/\/senoticias.com.br\/se\/wp-json\/wp\/v2\/types\/post"}],"author":[{"embeddable":true,"href":"https:\/\/senoticias.com.br\/se\/wp-json\/wp\/v2\/users\/6557"}],"replies":[{"embeddable":true,"href":"https:\/\/senoticias.com.br\/se\/wp-json\/wp\/v2\/comments?post=132717"}],"version-history":[{"count":0,"href":"https:\/\/senoticias.com.br\/se\/wp-json\/wp\/v2\/posts\/132717\/revisions"}],"wp:attachment":[{"href":"https:\/\/senoticias.com.br\/se\/wp-json\/wp\/v2\/media?parent=132717"}],"wp:term":[{"taxonomy":"category","embeddable":true,"href":"https:\/\/senoticias.com.br\/se\/wp-json\/wp\/v2\/categories?post=132717"},{"taxonomy":"post_tag","embeddable":true,"href":"https:\/\/senoticias.com.br\/se\/wp-json\/wp\/v2\/tags?post=132717"}],"curies":[{"name":"wp","href":"https:\/\/api.w.org\/{rel}","templated":true}]}}