{"id":132702,"date":"2022-05-23T14:14:45","date_gmt":"2022-05-23T17:14:45","guid":{"rendered":"https:\/\/senoticias.com.br\/se\/?p=132702"},"modified":"2022-05-23T14:15:00","modified_gmt":"2022-05-23T17:15:00","slug":"caixa-paga-parcela-do-auxilio-brasil-para-beneficiarios-nis-final-4","status":"publish","type":"post","link":"https:\/\/senoticias.com.br\/se\/caixa-paga-parcela-do-auxilio-brasil-para-beneficiarios-nis-final-4\/","title":{"rendered":"Caixa paga parcela do Aux\u00edlio Brasil para Benefici\u00e1rios NIS final 4"},"content":{"rendered":"\n<p>A Caixa Econ\u00f4mica Federal paga nesta segunda-feira (23) a parcela de maio do Aux\u00edlio Brasil aos benefici\u00e1rios com N\u00famero de Inscri\u00e7\u00e3o Social (NIS) de final 4. O valor m\u00ednimo do benef\u00edcio \u00e9 R$ 400. As datas seguem o modelo do Bolsa Fam\u00edlia, que pagava nos dez \u00faltimos dias \u00fateis do m\u00eas.<\/p>\n\n\n\n<figure class=\"wp-block-image size-large\"><img loading=\"lazy\" decoding=\"async\" width=\"1024\" height=\"613\" src=\"https:\/\/senoticias.com.br\/se\/wp-content\/uploads\/2022\/05\/caixa-snoticias-1024x613.jpg\" alt=\"\" class=\"wp-image-132703\"\/><figcaption>\nAtualmente, 17,5 milh\u00f5es de fam\u00edlias s\u00e3o atendidas pelo programa. No in\u00edcio do ano, 3 milh\u00f5es foram inclu\u00eddas.  (Foto: Marcelo Camargo\/Ag\u00eancia Brasil)<\/figcaption><\/figure>\n\n\n\n<p>O benefici\u00e1rio poder\u00e1 consultar informa\u00e7\u00f5es sobre datas de pagamento, valor do benef\u00edcio e composi\u00e7\u00e3o das parcelas em dois aplicativos: Aux\u00edlio Brasil, desenvolvido para o programa social, e Caixa Tem, usado para acompanhar as contas poupan\u00e7a digitais do banco.<\/p>\n\n\n\n<p>Atualmente, 17,5 milh\u00f5es de fam\u00edlias s\u00e3o atendidas pelo programa. No in\u00edcio do ano, 3 milh\u00f5es foram inclu\u00eddas.<\/p>\n\n\n\n<p><strong>Benef\u00edcios b\u00e1sicos<\/strong><br>O Aux\u00edlio Brasil tem tr\u00eas benef\u00edcios b\u00e1sicos e seis suplementares, que podem ser adicionados caso o benefici\u00e1rio consiga emprego ou tenha filho que se destaque em competi\u00e7\u00f5es esportivas, cient\u00edficas ou acad\u00eamicas.<\/p>\n\n\n\n<p>Podem receber o benef\u00edcio fam\u00edlias com renda per capita at\u00e9 R$ 100, consideradas em situa\u00e7\u00e3o de extrema pobreza, e at\u00e9 R$ 200, em condi\u00e7\u00e3o de pobreza.<\/p>\n\n\n\n<p><strong>Benef\u00edcio permanente<br><\/strong>Na semana passada, o presidente da Rep\u00fablica, Jair Bolsonaro, sancionou a medida provis\u00f3ria que torna o Aux\u00edlio Brasil de R$ 400 um benef\u00edcio permanente. A san\u00e7\u00e3o foi publicada no Di\u00e1rio Oficial da Uni\u00e3o.<\/p>\n\n\n\n<p>A proposta inicial do governo federal previa que esse valor valesse apenas at\u00e9 dezembro de 2022. Os parlamentares, no entanto, decidiram tornar o valor permanente, e o texto aprovado pelo Senado, no \u00faltimo dia 4, j\u00e1 tornava o piso de R$ 400 permanente com a inclus\u00e3o de uma esp\u00e9cie de complemento ao valor do Aux\u00edlio Brasil. Antes, o benef\u00edcio tinha o t\u00edquete m\u00e9dio de R$ 224.<\/p>\n\n\n\n<p>De acordo com a Secretaria-Geral da Presid\u00eancia da Rep\u00fablica, o governo gasta cerca de R$ 47,5 bilh\u00f5es anuais s\u00f3 com o volume regular do Aux\u00edlio Brasil. A estimativa \u00e9 que o governo precise desembolsar outros R$ 41 bilh\u00f5es por ano para bancar o valor complementar ao benef\u00edcio.<\/p>\n\n\n\n<p>\u201cA san\u00e7\u00e3o presidencial \u00e9 importante para efetivar o Programa Aux\u00edlio Brasil, tornando-o perene \u00e0 sociedade, mitigando o gargalo financeiro relativo aos mais necessitados\u201d, disse a pasta.<\/p>\n\n\n\n<p><strong><em>Acompanhe tamb\u00e9m o SE Not\u00edcias no&nbsp;<a rel=\"noreferrer noopener\" href=\"https:\/\/twitter.com\/Senoticias\" target=\"_blank\">Twitter<\/a>,&nbsp;<a rel=\"noreferrer noopener\" href=\"https:\/\/www.facebook.com\/senoticias1\" target=\"_blank\">Facebook<\/a>&nbsp;e no&nbsp;<a rel=\"noreferrer noopener\" href=\"https:\/\/www.instagram.com\/senoticias\/\" target=\"_blank\">Instagram<\/a><\/em><\/strong>.<\/p>\n\n\n\n<p>Fonte: Ag\u00eancia Brasil<\/p>\n","protected":false},"excerpt":{"rendered":"<p>A Caixa Econ\u00f4mica Federal paga nesta segunda-feira (23) a parcela de maio do Aux\u00edlio Brasil aos benefici\u00e1rios com N\u00famero de Inscri\u00e7\u00e3o Social (NIS) de final 4. O valor m\u00ednimo do benef\u00edcio \u00e9 R$ 400. As datas seguem o modelo do Bolsa Fam\u00edlia, que pagava nos dez \u00faltimos dias \u00fateis do m\u00eas. O benefici\u00e1rio poder\u00e1 consultar [&hellip;]<\/p>\n","protected":false},"author":6557,"featured_media":0,"comment_status":"closed","ping_status":"closed","sticky":false,"template":"","format":"standard","meta":{"footnotes":""},"categories":[15,2961],"tags":[35222,2270,35586],"class_list":{"0":"post-132702","1":"post","2":"type-post","3":"status-publish","4":"format-standard","6":"category-destaques","7":"category-nacional","8":"tag-auxilio-brasil","9":"tag-caixa-economica-federal","10":"tag-nis"},"_links":{"self":[{"href":"https:\/\/senoticias.com.br\/se\/wp-json\/wp\/v2\/posts\/132702"}],"collection":[{"href":"https:\/\/senoticias.com.br\/se\/wp-json\/wp\/v2\/posts"}],"about":[{"href":"https:\/\/senoticias.com.br\/se\/wp-json\/wp\/v2\/types\/post"}],"author":[{"embeddable":true,"href":"https:\/\/senoticias.com.br\/se\/wp-json\/wp\/v2\/users\/6557"}],"replies":[{"embeddable":true,"href":"https:\/\/senoticias.com.br\/se\/wp-json\/wp\/v2\/comments?post=132702"}],"version-history":[{"count":0,"href":"https:\/\/senoticias.com.br\/se\/wp-json\/wp\/v2\/posts\/132702\/revisions"}],"wp:attachment":[{"href":"https:\/\/senoticias.com.br\/se\/wp-json\/wp\/v2\/media?parent=132702"}],"wp:term":[{"taxonomy":"category","embeddable":true,"href":"https:\/\/senoticias.com.br\/se\/wp-json\/wp\/v2\/categories?post=132702"},{"taxonomy":"post_tag","embeddable":true,"href":"https:\/\/senoticias.com.br\/se\/wp-json\/wp\/v2\/tags?post=132702"}],"curies":[{"name":"wp","href":"https:\/\/api.w.org\/{rel}","templated":true}]}}