{"id":132690,"date":"2022-05-22T17:14:40","date_gmt":"2022-05-22T20:14:40","guid":{"rendered":"https:\/\/senoticias.com.br\/se\/?p=132690"},"modified":"2022-05-22T17:23:09","modified_gmt":"2022-05-22T20:23:09","slug":"tempo-frio-possibilita-o-aumento-de-infeccoes-respiratorias-saiba-como-se-prevenir-nessa-epoca","status":"publish","type":"post","link":"https:\/\/senoticias.com.br\/se\/tempo-frio-possibilita-o-aumento-de-infeccoes-respiratorias-saiba-como-se-prevenir-nessa-epoca\/","title":{"rendered":"Tempo frio possibilita o aumento de infec\u00e7\u00f5es respirat\u00f3rias; saiba como se prevenir nessa \u00e9poca"},"content":{"rendered":"\n<p><\/p>\n\n\n\n<p>O inverno ainda nem chegou, mas uma parte do Brasil j\u00e1 enfrenta uma queda acentuada nas temperaturas, inclusive com possibilidade de neve em algumas regi\u00f5es. Nesta \u00e9poca mais fria do ano, quando as temperaturas s\u00e3o mais baixas e a umidade do ar diminui, algumas infec\u00e7\u00f5es respirat\u00f3rias se tornam mais prevalentes, em especial na regi\u00e3o Centro-Oeste.<\/p>\n\n\n\n<figure class=\"wp-block-image size-large\"><img loading=\"lazy\" decoding=\"async\" width=\"590\" height=\"350\" src=\"https:\/\/senoticias.com.br\/se\/wp-content\/uploads\/2022\/05\/Infeccoes-no-inverno-SE-Noticias.png\" alt=\"\" class=\"wp-image-132691\" srcset=\"https:\/\/senoticias.com.br\/se\/wp-content\/uploads\/2022\/05\/Infeccoes-no-inverno-SE-Noticias.png 590w, https:\/\/senoticias.com.br\/se\/wp-content\/uploads\/2022\/05\/Infeccoes-no-inverno-SE-Noticias-300x178.png 300w\" sizes=\"(max-width: 590px) 100vw, 590px\" \/><figcaption>Al\u00e9m do aumento de incid\u00eancia de chuvas e da chegada frio, o outono e o inverno s\u00e3o esta\u00e7\u00f5es marcadas tamb\u00e9m pelo aumento no n\u00famero de doen\u00e7as respirat\u00f3rias sazonais &#8211; Foto: sosvida<\/figcaption><\/figure>\n\n\n\n<p>O Minist\u00e9rio da Sa\u00fade lembra que o Governo Federal realiza at\u00e9 o dia 3 de junho a Campanha de Vacina\u00e7\u00e3o contra a Gripe, uma das doen\u00e7as comuns em per\u00edodos de frio. Pessoas de 14 grupos priorit\u00e1rios podem procurar um dos 50 mil pontos de vacina\u00e7\u00e3o espalhados pelo Brasil para se vacinar contra a doen\u00e7a.<\/p>\n\n\n\n<p>Crian\u00e7as abaixo de cinco anos, devido \u00e0 imaturidade do sistema imunol\u00f3gico, idosos acima de 60 anos e imunossuprimidos pertencem ao grupo que gera maior preocupa\u00e7\u00e3o com as infec\u00e7\u00f5es respirat\u00f3rias. Por isso, \u00e9 fundamental estarem vacinados contra a gripe.<\/p>\n\n\n\n<p>As infec\u00e7\u00f5es mais comuns observadas no per\u00edodo s\u00e3o: sinusite, gripes e os resfriados e o agravamento de outras, como rinite al\u00e9rgica, asma, bronquite e doen\u00e7a pulmonar obstrutiva cr\u00f4nica (DPOC). <strong>Al\u00e9m da vacina\u00e7\u00e3o, algumas medidas podem prevenir essas doen\u00e7as:<\/strong><br><br>&#8211; higieniza\u00e7\u00e3o das m\u00e3os<br>&#8211; evitar ambientes fechados e sem ventila\u00e7\u00e3o<br>&#8211; proteger a boca ao tossir<br>&#8211; beber bastante \u00e1gua<br>&#8211; evitar o uso de cigarro<br>&#8211; manter a alimenta\u00e7\u00e3o balanceada e saud\u00e1vel<br>&#8211; pr\u00e1tica regular de atividade f\u00edsica<\/p>\n\n\n\n<p>Apesar de os sintomas variarem entre cada doen\u00e7a, no geral, tosse (podendo ter secre\u00e7\u00e3o ou n\u00e3o), congest\u00e3o nasal e coriza s\u00e3o sintomas comuns. Essas manifesta\u00e7\u00f5es podem ser acompanhadas de febre. \u00c9 importante ressaltar que todos os sintomas devem ser avaliados por um profissional de sa\u00fade, principalmente nos<strong> casos de febre alta, falta de ar e dor no peito<\/strong>.<\/p>\n\n\n\n<p><strong><em>Acompanhe tamb\u00e9m o SE Not\u00edcias no\u00a0<a rel=\"noreferrer noopener\" href=\"https:\/\/twitter.com\/Senoticias\" target=\"_blank\">Twitter<\/a>,\u00a0<a rel=\"noreferrer noopener\" href=\"https:\/\/www.facebook.com\/senoticias1\" target=\"_blank\">Facebook<\/a>\u00a0e no\u00a0<a rel=\"noreferrer noopener\" href=\"https:\/\/www.instagram.com\/senoticias\/\" target=\"_blank\">Instagram<\/a><\/em><\/strong>.<\/p>\n\n\n\n<p>Fonte: Minist\u00e9rio da Sa\u00fade<\/p>\n","protected":false},"excerpt":{"rendered":"<p>O inverno ainda nem chegou, mas uma parte do Brasil j\u00e1 enfrenta uma queda acentuada nas temperaturas, inclusive com possibilidade de neve em algumas regi\u00f5es. Nesta \u00e9poca mais fria do ano, quando as temperaturas s\u00e3o mais baixas e a umidade do ar diminui, algumas infec\u00e7\u00f5es respirat\u00f3rias se tornam mais prevalentes, em especial na regi\u00e3o Centro-Oeste. [&hellip;]<\/p>\n","protected":false},"author":6557,"featured_media":0,"comment_status":"closed","ping_status":"closed","sticky":false,"template":"","format":"standard","meta":{"footnotes":""},"categories":[15,2961],"tags":[36586,36585,36584],"class_list":{"0":"post-132690","1":"post","2":"type-post","3":"status-publish","4":"format-standard","6":"category-destaques","7":"category-nacional","8":"tag-doencas-respiratorias","9":"tag-infeccoes-respiratorias","10":"tag-tempo-frio"},"_links":{"self":[{"href":"https:\/\/senoticias.com.br\/se\/wp-json\/wp\/v2\/posts\/132690"}],"collection":[{"href":"https:\/\/senoticias.com.br\/se\/wp-json\/wp\/v2\/posts"}],"about":[{"href":"https:\/\/senoticias.com.br\/se\/wp-json\/wp\/v2\/types\/post"}],"author":[{"embeddable":true,"href":"https:\/\/senoticias.com.br\/se\/wp-json\/wp\/v2\/users\/6557"}],"replies":[{"embeddable":true,"href":"https:\/\/senoticias.com.br\/se\/wp-json\/wp\/v2\/comments?post=132690"}],"version-history":[{"count":0,"href":"https:\/\/senoticias.com.br\/se\/wp-json\/wp\/v2\/posts\/132690\/revisions"}],"wp:attachment":[{"href":"https:\/\/senoticias.com.br\/se\/wp-json\/wp\/v2\/media?parent=132690"}],"wp:term":[{"taxonomy":"category","embeddable":true,"href":"https:\/\/senoticias.com.br\/se\/wp-json\/wp\/v2\/categories?post=132690"},{"taxonomy":"post_tag","embeddable":true,"href":"https:\/\/senoticias.com.br\/se\/wp-json\/wp\/v2\/tags?post=132690"}],"curies":[{"name":"wp","href":"https:\/\/api.w.org\/{rel}","templated":true}]}}