{"id":132677,"date":"2022-05-20T20:23:56","date_gmt":"2022-05-20T23:23:56","guid":{"rendered":"https:\/\/senoticias.com.br\/se\/?p=132677"},"modified":"2022-05-20T20:24:20","modified_gmt":"2022-05-20T23:24:20","slug":"eleicoes-2022-confira-resultado-da-pesquisa-de-intencoes-de-voto-para-governo-de-sergipe","status":"publish","type":"post","link":"https:\/\/senoticias.com.br\/se\/eleicoes-2022-confira-resultado-da-pesquisa-de-intencoes-de-voto-para-governo-de-sergipe\/","title":{"rendered":"Confira o resultado da pesquisa de inten\u00e7\u00f5es de voto para Governo de Sergipe"},"content":{"rendered":"\n<p>Foi divulgado nesta sexta-feira (20) o resultado da pesquisa eleitoral para o cargo de governador de Sergipe, registrada junto ao Tribunal Superior Eleitoral (TSE) sob n\u00ba SE-08643\/2022. O levantamento ouviu 1.573 pessoas. O n\u00edvel de confian\u00e7a estimado \u00e9 de 95% e a margem de erro \u00e9 de, aproximadamente, 3,5 pontos percentuais para mais ou para menos.<\/p>\n\n\n\n<figure class=\"wp-block-image size-large\"><img loading=\"lazy\" decoding=\"async\" width=\"577\" height=\"396\" src=\"https:\/\/senoticias.com.br\/se\/wp-content\/uploads\/2022\/05\/pesquisa-governo-de-Sergipe-SE-Noticias.png\" alt=\"\" class=\"wp-image-132678\" srcset=\"https:\/\/senoticias.com.br\/se\/wp-content\/uploads\/2022\/05\/pesquisa-governo-de-Sergipe-SE-Noticias.png 577w, https:\/\/senoticias.com.br\/se\/wp-content\/uploads\/2022\/05\/pesquisa-governo-de-Sergipe-SE-Noticias-300x206.png 300w, https:\/\/senoticias.com.br\/se\/wp-content\/uploads\/2022\/05\/pesquisa-governo-de-Sergipe-SE-Noticias-95x64.png 95w\" sizes=\"(max-width: 577px) 100vw, 577px\" \/><figcaption>Pesquisa de inten\u00e7\u00f5es de voto para Governo de Sergipe &#8211; Foto: arquivo\/Abr<\/figcaption><\/figure>\n\n\n\n<p>Realizada pela <strong>Opini\u00e3o Pesquisas &amp; Marketing Ltda<\/strong> no Estado de Sergipe, entre os dias 11 e 14 de maio deste ano, a consulta entrevistou eleitores com idade acima de 16 anos que residem nas cidades de Aracaju, Nossa Senhora do Socorro, S\u00e3o Crist\u00f3v\u00e3o, Laranjeiras, Japaratuba, Capela, Maruim, Est\u00e2ncia, Umba\u00faba, Boquim, Itabaianinha, Itaporanga D\u2019Ajuda, Campo do Brito, Carira, Ribeir\u00f3polis, Itabaiana, Pacatuba, Japoat\u00e3, Ne\u00f3polis, Propri\u00e1, Tobias Barreto, Sim\u00e3o Dias, Lagarto, Graccho Cardoso, Nossa Senhora das Dores, Nossa Senhora da Gl\u00f3ria, Porto da Folha e Canind\u00e9 do S\u00e3o Francisco.<\/p>\n\n\n\n<p><strong>Resultados<\/strong><\/p>\n\n\n\n<p>Na inten\u00e7\u00e3o espont\u00e2nea, quando n\u00e3o s\u00e3o apresentados os nomes dos candidatos, ao serem perguntados sobre &#8220;quem o(a) sr.(a), votaria para governador se as elei\u00e7\u00f5es fossem hoje?&#8221;, a maioria dos eleitores n\u00e3o souberam ou n\u00e3o quiseram responder (64,9%). Em seguida, em ordem de inten\u00e7\u00f5es de votos, aparecem os nomes de Valmir de Francisquinho (14,1%), F\u00e1bio Mitidieri (5,6%), Rog\u00e9rio Carvalho (5,6%), Alessandro Vieira (1,4%), Jo\u00e3o Fontes (0,4%), Elinos Sabino (0,1%). Brancos e nulos representam 7,9%.<\/p>\n\n\n\n<p>J\u00e1 na inten\u00e7\u00e3o estimulada, ao ser informado os nomes dos candidatos, quando interrogados sobre &#8220;em qual desses candidatos abaixo relacionados o(a) sr.(a), votaria para governador se as elei\u00e7\u00f5es fossem hoje?&#8221;, os resultados s\u00e3o: Valmir de Francisquinho (31%), F\u00e1bio Mitidieri (14%), Rog\u00e9rio Carvalho (13,1%), Alessandro Vieira (3,6%), Jo\u00e3o Fontes (2,1%), Elinos Sabino (0,2%). Ant\u00f4nio Cl\u00e1udio Neves n\u00e3o teve nenhum registro. Brancos e nulos totalizaram 20,4%, n\u00e3o souberam ou n\u00e3o quiseram responder foram 15,5%.<\/p>\n\n\n\n<p>Ainda sobre a inten\u00e7\u00e3o estimulada, mas com votos v\u00e1lidos, aparece na lideran\u00e7a dos \u00edndices: Valmir de Francisquinho (48,4%), F\u00e1bio Mitidieri (21,9%), Rog\u00e9rio Carvalho (20,4%), Alessandro Vieira (5,7%), Jo\u00e3o Fontes (3,3%), Elinos Sabino (0,3%), Ant\u00f4nio Cl\u00e1udio Neves (0,1%).<\/p>\n\n\n\n<p>Sobre a taxa de rejei\u00e7\u00e3o, ou seja, quando abordados com &#8220;em qual desses candidatos abaixo relacionados o(a) sr.(a), N\u00c3O votaria para governador se as elei\u00e7\u00f5es fossem hoje?&#8221;, os resultados s\u00e3o: Rog\u00e9rio Carvalho (9%), F\u00e1bio Mitidieri (7,3%), Alessandro Vieira (5,3%), Valmir de Francisquinho (5,1%), Jo\u00e3o Fontes (4,4%), Elinos Sabino (3,5%), Ant\u00f4nio Cl\u00e1udio Neves (2,9%). Brancos e nulos totalizaram 37,1%, n\u00e3o souberam ou n\u00e3o quiseram responder foram 25,4%.<\/p>\n\n\n\n<p><strong>Segundo Turno<\/strong><\/p>\n\n\n\n<p><strong>Simula\u00e7\u00e3o 1<\/strong><\/p>\n\n\n\n<p>Em caso de segundo turno das elei\u00e7\u00f5es para 2022 no cargo para Governo de Sergipe, na inten\u00e7\u00e3o estimulada, quando perguntados &#8220;em qual dos dois o(a) Sr(a) votaria?&#8221;, os eleitores escolheram: Valmir de Francisquinho com 35,9% dos votos e F\u00e1bio Mitidieri 19,4%. Brancos e nulos 26,7% e n\u00e3o souberam ou n\u00e3o quiseram responder 18%.<\/p>\n\n\n\n<p><strong>Simula\u00e7\u00e3o 2<\/strong><\/p>\n\n\n\n<p>Em caso de segundo turno das elei\u00e7\u00f5es para 2022 no cargo para Governo de Sergipe, na inten\u00e7\u00e3o estimulada, quando perguntados &#8220;em qual dos dois o(a) Sr(a) votaria?&#8221;, os eleitores escolheram:<\/p>\n\n\n\n<p>Valmir de Francisquinho (36,1%) e Rog\u00e9rio Carvalho (18,4%). Brancos e nulos 26,8% e n\u00e3o souberam ou n\u00e3o quiseram responder 18,7%.<\/p>\n\n\n\n<p><strong>Simula\u00e7\u00e3o 3<\/strong><\/p>\n\n\n\n<p>Em caso de segundo turno das elei\u00e7\u00f5es para 2022 no cargo para Governo de Sergipe, na inten\u00e7\u00e3o estimulada, quando perguntados &#8220;em qual dos dois o(a) Sr(a) votaria?&#8221;, os eleitores escolheram: F\u00e1bio Mitidieri (21,7%) e Rog\u00e9rio Carvalho (19,9%). Brancos e nulos 37,2% e n\u00e3o souberam ou n\u00e3o quiseram responder 21,1%.<\/p>\n\n\n\n<p><strong><em>Acompanhe tamb\u00e9m o SE Not\u00edcias no\u00a0<a rel=\"noreferrer noopener\" href=\"https:\/\/twitter.com\/Senoticias\" target=\"_blank\">Twitter<\/a>,\u00a0<a rel=\"noreferrer noopener\" href=\"https:\/\/www.facebook.com\/senoticias1\" target=\"_blank\">Facebook<\/a>\u00a0e no\u00a0<a rel=\"noreferrer noopener\" href=\"https:\/\/www.instagram.com\/senoticias\/\" target=\"_blank\">Instagram<\/a><\/em><\/strong>.<\/p>\n\n\n\n<p>Fonte: A8SE.com.br<\/p>\n","protected":false},"excerpt":{"rendered":"<p>Foi divulgado nesta sexta-feira (20) o resultado da pesquisa eleitoral para o cargo de governador de Sergipe, registrada junto ao Tribunal Superior Eleitoral (TSE) sob n\u00ba SE-08643\/2022. O levantamento ouviu 1.573 pessoas. O n\u00edvel de confian\u00e7a estimado \u00e9 de 95% e a margem de erro \u00e9 de, aproximadamente, 3,5 pontos percentuais para mais ou para [&hellip;]<\/p>\n","protected":false},"author":6557,"featured_media":0,"comment_status":"closed","ping_status":"closed","sticky":false,"template":"","format":"standard","meta":{"footnotes":""},"categories":[15,6],"tags":[879,36568,36567],"class_list":{"0":"post-132677","1":"post","2":"type-post","3":"status-publish","4":"format-standard","6":"category-destaques","7":"category-politica","8":"tag-governador-de-sergipe","9":"tag-opiniao-pesquisas-marketing","10":"tag-pesquisa-eleicoes-2022"},"_links":{"self":[{"href":"https:\/\/senoticias.com.br\/se\/wp-json\/wp\/v2\/posts\/132677"}],"collection":[{"href":"https:\/\/senoticias.com.br\/se\/wp-json\/wp\/v2\/posts"}],"about":[{"href":"https:\/\/senoticias.com.br\/se\/wp-json\/wp\/v2\/types\/post"}],"author":[{"embeddable":true,"href":"https:\/\/senoticias.com.br\/se\/wp-json\/wp\/v2\/users\/6557"}],"replies":[{"embeddable":true,"href":"https:\/\/senoticias.com.br\/se\/wp-json\/wp\/v2\/comments?post=132677"}],"version-history":[{"count":0,"href":"https:\/\/senoticias.com.br\/se\/wp-json\/wp\/v2\/posts\/132677\/revisions"}],"wp:attachment":[{"href":"https:\/\/senoticias.com.br\/se\/wp-json\/wp\/v2\/media?parent=132677"}],"wp:term":[{"taxonomy":"category","embeddable":true,"href":"https:\/\/senoticias.com.br\/se\/wp-json\/wp\/v2\/categories?post=132677"},{"taxonomy":"post_tag","embeddable":true,"href":"https:\/\/senoticias.com.br\/se\/wp-json\/wp\/v2\/tags?post=132677"}],"curies":[{"name":"wp","href":"https:\/\/api.w.org\/{rel}","templated":true}]}}