{"id":132674,"date":"2022-05-20T19:39:42","date_gmt":"2022-05-20T22:39:42","guid":{"rendered":"https:\/\/senoticias.com.br\/se\/?p=132674"},"modified":"2022-05-20T20:14:30","modified_gmt":"2022-05-20T23:14:30","slug":"deputado-destaca-a-1a-coletanea-cultural-do-povo-cigano-de-sergipe","status":"publish","type":"post","link":"https:\/\/senoticias.com.br\/se\/deputado-destaca-a-1a-coletanea-cultural-do-povo-cigano-de-sergipe\/","title":{"rendered":"Deputado destaca a 1\u00aa Colet\u00e2nea Cultural do Povo Cigano de Sergipe"},"content":{"rendered":"\n<p>O deputado estadual Iran Barbosa, do Psol, aproveitou a sess\u00e3o plen\u00e1ria da Assembleia Legislativa de Sergipe, na quinta-feira, 19, para dar evid\u00eancia e convidar a popula\u00e7\u00e3o para o lan\u00e7amento da 1\u00aa Colet\u00e2nea Cultural do Povo Cigano de Sergipe, que acontecer\u00e1 no pr\u00f3ximo dia 24 de maio, \u00e0s 9h30, na Escola do Legislativo (Elese), localizada na Pra\u00e7a Fausto Cardoso, no Centro de Aracaju.<\/p>\n\n\n\n<figure class=\"wp-block-image size-large\"><img loading=\"lazy\" decoding=\"async\" width=\"580\" height=\"423\" src=\"https:\/\/senoticias.com.br\/se\/wp-content\/uploads\/2022\/05\/Ciganos-SE-Noticias.jpg\" alt=\"\" class=\"wp-image-132675\" srcset=\"https:\/\/senoticias.com.br\/se\/wp-content\/uploads\/2022\/05\/Ciganos-SE-Noticias.jpg 580w, https:\/\/senoticias.com.br\/se\/wp-content\/uploads\/2022\/05\/Ciganos-SE-Noticias-300x219.jpg 300w, https:\/\/senoticias.com.br\/se\/wp-content\/uploads\/2022\/05\/Ciganos-SE-Noticias-278x202.jpg 278w\" sizes=\"(max-width: 580px) 100vw, 580px\" \/><figcaption>1\u00aa Colet\u00e2nea Cultural do Povo Cigano de Sergipe acontece no pr\u00f3ximo dia 24 &#8211; Foto: ascom\/Iran<\/figcaption><\/figure>\n\n\n\n<p>O evento contar\u00e1 com uma extensa programa\u00e7\u00e3o, que envolve exposi\u00e7\u00e3o de fotografia; a constru\u00e7\u00e3o de um mapa regionalizado cigano; elementos da cultura cigana; e com palestras da procuradora da Rep\u00fablica L\u00edvia Tinoco, do juiz do Trabalho Manoel Andrade Meneses; da refer\u00eancia t\u00e9cnica para Povos e Comunidades Tradicionais e Popula\u00e7\u00e3o Negra da SEIT, Iy\u00e1 Sonia Oliveira; e do deputado Iran Barbosa, que falar\u00e1 sobre a Lei n\u00ba 8.881\/2021, de sua iniciativa, que institui o Dia Estadual da Etnia Cigana em Sergipe, a ser comemorado, anualmente, no dia 24 de maio, Dia Nacional do Cigano.<\/p>\n\n\n\n<p>\u201cQuero deixar registrado esse convite e parabenizar todos que fazem o <strong>Instituto Cigano do Brasil<\/strong> pela realiza\u00e7\u00e3o desse importante evento. Sergipe precisa, cada vez mais, dar voz a esse povo tradicional, assim como a todas as minorias hegem\u00f4nicas presentes em nosso estado\u201d, afirmou o deputado Iran Barbosa.<\/p>\n\n\n\n<p><strong><em>Acompanhe tamb\u00e9m o SE Not\u00edcias no\u00a0<a rel=\"noreferrer noopener\" href=\"https:\/\/twitter.com\/Senoticias\" target=\"_blank\">Twitter<\/a>,\u00a0<a rel=\"noreferrer noopener\" href=\"https:\/\/www.facebook.com\/senoticias1\" target=\"_blank\">Facebook<\/a>\u00a0e no\u00a0<a rel=\"noreferrer noopener\" href=\"https:\/\/www.instagram.com\/senoticias\/\" target=\"_blank\">Instagram<\/a><\/em><\/strong>.<\/p>\n\n\n\n<p>Fonte: assessoria parlamentar<\/p>\n","protected":false},"excerpt":{"rendered":"<p>O deputado estadual Iran Barbosa, do Psol, aproveitou a sess\u00e3o plen\u00e1ria da Assembleia Legislativa de Sergipe, na quinta-feira, 19, para dar evid\u00eancia e convidar a popula\u00e7\u00e3o para o lan\u00e7amento da 1\u00aa Colet\u00e2nea Cultural do Povo Cigano de Sergipe, que acontecer\u00e1 no pr\u00f3ximo dia 24 de maio, \u00e0s 9h30, na Escola do Legislativo (Elese), localizada na [&hellip;]<\/p>\n","protected":false},"author":6557,"featured_media":0,"comment_status":"closed","ping_status":"closed","sticky":false,"template":"","format":"standard","meta":{"footnotes":""},"categories":[15,38],"tags":[36563,36565,5198,36566,36564,36562],"class_list":{"0":"post-132674","1":"post","2":"type-post","3":"status-publish","4":"format-standard","6":"category-destaques","7":"category-municipios","8":"tag-1a-coletanea-cultural-do-povo-cigano-de-sergipe","9":"tag-24-de-maio","10":"tag-ciganos","11":"tag-dia-nacional-do-cigano","12":"tag-instituto-cigano-do-brasil","13":"tag-povo-cigano"},"_links":{"self":[{"href":"https:\/\/senoticias.com.br\/se\/wp-json\/wp\/v2\/posts\/132674"}],"collection":[{"href":"https:\/\/senoticias.com.br\/se\/wp-json\/wp\/v2\/posts"}],"about":[{"href":"https:\/\/senoticias.com.br\/se\/wp-json\/wp\/v2\/types\/post"}],"author":[{"embeddable":true,"href":"https:\/\/senoticias.com.br\/se\/wp-json\/wp\/v2\/users\/6557"}],"replies":[{"embeddable":true,"href":"https:\/\/senoticias.com.br\/se\/wp-json\/wp\/v2\/comments?post=132674"}],"version-history":[{"count":0,"href":"https:\/\/senoticias.com.br\/se\/wp-json\/wp\/v2\/posts\/132674\/revisions"}],"wp:attachment":[{"href":"https:\/\/senoticias.com.br\/se\/wp-json\/wp\/v2\/media?parent=132674"}],"wp:term":[{"taxonomy":"category","embeddable":true,"href":"https:\/\/senoticias.com.br\/se\/wp-json\/wp\/v2\/categories?post=132674"},{"taxonomy":"post_tag","embeddable":true,"href":"https:\/\/senoticias.com.br\/se\/wp-json\/wp\/v2\/tags?post=132674"}],"curies":[{"name":"wp","href":"https:\/\/api.w.org\/{rel}","templated":true}]}}