{"id":132641,"date":"2022-05-18T17:18:11","date_gmt":"2022-05-18T20:18:11","guid":{"rendered":"https:\/\/senoticias.com.br\/se\/?p=132641"},"modified":"2022-05-18T17:18:41","modified_gmt":"2022-05-18T20:18:41","slug":"porta-de-carro-do-iml-abre-e-bandeja-com-cadaver-cai-no-estacionamento-do-huse","status":"publish","type":"post","link":"https:\/\/senoticias.com.br\/se\/porta-de-carro-do-iml-abre-e-bandeja-com-cadaver-cai-no-estacionamento-do-huse\/","title":{"rendered":"Porta de carro do IML abre e bandeja com cad\u00e1ver cai no estacionamento do Huse"},"content":{"rendered":"\n<p><\/p>\n\n\n\n<p>Nesta quarta-feira (18) um caso chamou a aten\u00e7\u00e3o de pacientes e acompanhantes que estavam no Hospital de Urg\u00eancia de Sergipe Governador Jo\u00e3o Alves Filho (Huse), em Aracaju. \u00c9 que durante o deslocamento, a porta do carro do Instituto M\u00e9dico Legal (IML) abriu e o corpo caiu no ch\u00e3o.<\/p>\n\n\n\n<figure class=\"wp-block-image size-large\"><img loading=\"lazy\" decoding=\"async\" width=\"1024\" height=\"576\" src=\"https:\/\/senoticias.com.br\/se\/wp-content\/uploads\/2022\/05\/Carro-do-IML-SE-NOTICIAS-1024x576.jpg\" alt=\"\" class=\"wp-image-132642\" srcset=\"https:\/\/senoticias.com.br\/se\/wp-content\/uploads\/2022\/05\/Carro-do-IML-SE-NOTICIAS-1024x576.jpg 1024w, https:\/\/senoticias.com.br\/se\/wp-content\/uploads\/2022\/05\/Carro-do-IML-SE-NOTICIAS-300x169.jpg 300w, https:\/\/senoticias.com.br\/se\/wp-content\/uploads\/2022\/05\/Carro-do-IML-SE-NOTICIAS-768x432.jpg 768w, https:\/\/senoticias.com.br\/se\/wp-content\/uploads\/2022\/05\/Carro-do-IML-SE-NOTICIAS.jpg 1280w\" sizes=\"(max-width: 1024px) 100vw, 1024px\" \/><figcaption>porta do carro do IML abriu e o corpo caiu no ch\u00e3o &#8211; Foto: redes sociais<\/figcaption><\/figure>\n\n\n\n<p>Em imagens divulgadas nas redes sociais, \u00e9 poss\u00edvel ver a bandeja com o cad\u00e1ver ca\u00eddo no estacionamento da unidade hospitalar.<\/p>\n\n\n\n<p>Entramos em contato com a assessoria do IML. Em nota, disse que a diretoria do IML vai apurar o ocorrido e descartou pane no trancamento da porta. Ainda de acordo com o \u00f3rg\u00e3o, a equipe envolvida &#8220;receber\u00e1 san\u00e7\u00e3o disciplinar correspondente&#8221;.<\/p>\n\n\n\n<p><strong><em>Acompanhe tamb\u00e9m o SE Not\u00edcias no\u00a0<a rel=\"noreferrer noopener\" href=\"https:\/\/twitter.com\/Senoticias\" target=\"_blank\">Twitter<\/a>,\u00a0<a rel=\"noreferrer noopener\" href=\"https:\/\/www.facebook.com\/senoticias1\" target=\"_blank\">Facebook<\/a>\u00a0e no\u00a0<a rel=\"noreferrer noopener\" href=\"https:\/\/www.instagram.com\/senoticias\/\" target=\"_blank\">Instagram<\/a><\/em><\/strong>.<\/p>\n\n\n\n<p>Fonte: <strong><a href=\"https:\/\/a8se.com\/noticias\/sergipe\/porta-de-carro-do-iml-abre-e-bandeja-com-cadaver-cai-no-estacionamento-do-huse\/\">A8SE<\/a><\/strong>.com.br<\/p>\n","protected":false},"excerpt":{"rendered":"<p>Nesta quarta-feira (18) um caso chamou a aten\u00e7\u00e3o de pacientes e acompanhantes que estavam no Hospital de Urg\u00eancia de Sergipe Governador Jo\u00e3o Alves Filho (Huse), em Aracaju. \u00c9 que durante o deslocamento, a porta do carro do Instituto M\u00e9dico Legal (IML) abriu e o corpo caiu no ch\u00e3o. Em imagens divulgadas nas redes sociais, \u00e9 [&hellip;]<\/p>\n","protected":false},"author":6557,"featured_media":0,"comment_status":"closed","ping_status":"closed","sticky":false,"template":"","format":"standard","meta":{"footnotes":""},"categories":[15,7],"tags":[36543,319,2577],"class_list":{"0":"post-132641","1":"post","2":"type-post","3":"status-publish","4":"format-standard","6":"category-destaques","7":"category-policia","8":"tag-cadaver-cai-no-estacionamento","9":"tag-huse","10":"tag-iml"},"_links":{"self":[{"href":"https:\/\/senoticias.com.br\/se\/wp-json\/wp\/v2\/posts\/132641"}],"collection":[{"href":"https:\/\/senoticias.com.br\/se\/wp-json\/wp\/v2\/posts"}],"about":[{"href":"https:\/\/senoticias.com.br\/se\/wp-json\/wp\/v2\/types\/post"}],"author":[{"embeddable":true,"href":"https:\/\/senoticias.com.br\/se\/wp-json\/wp\/v2\/users\/6557"}],"replies":[{"embeddable":true,"href":"https:\/\/senoticias.com.br\/se\/wp-json\/wp\/v2\/comments?post=132641"}],"version-history":[{"count":0,"href":"https:\/\/senoticias.com.br\/se\/wp-json\/wp\/v2\/posts\/132641\/revisions"}],"wp:attachment":[{"href":"https:\/\/senoticias.com.br\/se\/wp-json\/wp\/v2\/media?parent=132641"}],"wp:term":[{"taxonomy":"category","embeddable":true,"href":"https:\/\/senoticias.com.br\/se\/wp-json\/wp\/v2\/categories?post=132641"},{"taxonomy":"post_tag","embeddable":true,"href":"https:\/\/senoticias.com.br\/se\/wp-json\/wp\/v2\/tags?post=132641"}],"curies":[{"name":"wp","href":"https:\/\/api.w.org\/{rel}","templated":true}]}}