{"id":132599,"date":"2022-05-16T15:05:52","date_gmt":"2022-05-16T18:05:52","guid":{"rendered":"https:\/\/senoticias.com.br\/se\/?p=132599"},"modified":"2022-05-16T15:06:03","modified_gmt":"2022-05-16T18:06:03","slug":"inmet-preve-geada-neve-e-avanco-do-frio-no-pais","status":"publish","type":"post","link":"https:\/\/senoticias.com.br\/se\/inmet-preve-geada-neve-e-avanco-do-frio-no-pais\/","title":{"rendered":"Inmet prev\u00ea geada, neve e avan\u00e7o do frio no pa\u00eds"},"content":{"rendered":"\n<p>A semana come\u00e7ar\u00e1 com geada na Campanha Ga\u00facha; neve em Santa Catarina e na Serra Ga\u00facha; frio adentrando na Regi\u00e3o Centro-Oeste; e ventos cada vez mais fortes no litoral do Rio Grande do Sul e de Santa Catarina. \u00c9 o que prev\u00ea o Instituto Nacional de Meteorologia (Inmet).<\/p>\n\n\n\n<figure class=\"wp-block-image size-large\"><img loading=\"lazy\" decoding=\"async\" width=\"1024\" height=\"613\" src=\"https:\/\/senoticias.com.br\/se\/wp-content\/uploads\/2022\/05\/frio-senoticias-1024x613.jpg\" alt=\"\" class=\"wp-image-132600\"\/><figcaption>\nH\u00e1 preocupa\u00e7\u00e3o com possibilidade de ciclone subtropical no Sul- Foto: Marleno Muniz Farias\/Governo de Urupema-SC\n<\/figcaption><\/figure>\n\n\n\n<p>Tudo em decorr\u00eancia da forma\u00e7\u00e3o e deslocamento de uma frente fria pelo pa\u00eds, que dever\u00e1 causar tamb\u00e9m chuvas fortes em \u00e1reas do Mato Grosso do Sul, no sul do Mato Grosso, Goi\u00e1s e Minas Gerais e em \u00e1reas de S\u00e3o Paulo e Rio de Janeiro.<\/p>\n\n\n\n<p><strong>Ciclone subtropical<\/strong><br>Preocupados com a possibilidade de alguns efeitos mais extremos causados pela mudan\u00e7a no clima, o Inmet e a Marinha divulgaram uma nota conjunta na qual informam haver \u201ccondi\u00e7\u00f5es favor\u00e1veis para a forma\u00e7\u00e3o de um ciclone subtropical em alto-mar, na posi\u00e7\u00e3o 36\u00b0S 042\u00b0W, aproximadamente 530 milhas n\u00e1uticas (980 km) ao sul da costa do estado do Rio Grande do Sul, com r\u00e1pido deslocamento para sudoeste e posterior deslocamento para oeste\/noroeste, a partir da manh\u00e3 do dia 16 de maio\u201d.<\/p>\n\n\n\n<p>Ainda de acordo com a nota, caso as condi\u00e7\u00f5es atmosf\u00e9ricas persistam, o sistema dever\u00e1 ser classificado como \u201ctempestade subtropical\u201d. \u201cA atua\u00e7\u00e3o deste sistema meteorol\u00f3gico poder\u00e1 causar ventos de at\u00e9 55 n\u00f3s (100 km\/h) no entorno do ciclone, principalmente nos setores leste e sudeste desse sistema, at\u00e9 a noite do dia 16 de maio\u201d, complementa a nota.<\/p>\n\n\n\n<p>Na internet, a Marinha mant\u00e9m atualizados os alertas de mau tempo. Informa\u00e7\u00f5es meteorol\u00f3gicas podem ser visualizadas tamb\u00e9m por meio do aplicativo Boletim ao Mar, dispon\u00edvel para download para os sistemas Android e iOS.<\/p>\n\n\n\n<p><strong>Ter\u00e7a-feira<\/strong><br>De acordo com o Inmet, a madrugada de ter\u00e7a-feira (17) \u00e9 de forma\u00e7\u00e3o de geada no norte de Santa Catarina e em grande parte do Paran\u00e1 e no sul e sudoeste do Mato Grosso do Sul, podendo ser forte no centro e sul do Paran\u00e1.<\/p>\n\n\n\n<p>O instituto prev\u00ea queda mais acentuada nas temperaturas de \u00e1reas das regi\u00f5es Centro-Oeste e Sudeste, bem como no sul da regi\u00e3o Amaz\u00f4nica.<\/p>\n\n\n\n<p>\u201cNo decorrer do dia, um ciclone extratropical avan\u00e7a pr\u00f3ximo ao litoral do Rio Grande do Sul intensificando ainda mais os ventos no sul e leste do estado. As rajadas de vento poder\u00e3o ultrapassar os 100 km\/h em algumas localidades do extremo sul do Rio Grande do Sul\u201d, complementa o Inmet.<\/p>\n\n\n\n<p>Ainda segundo o instituto, a massa de ar frio continuar\u00e1 atuando em grande parte do Brasil at\u00e9 o final da semana.<\/p>\n\n\n\n<p><strong><em>Acompanhe tamb\u00e9m o SE Not\u00edcias no&nbsp;<a rel=\"noreferrer noopener\" href=\"https:\/\/twitter.com\/Senoticias\" target=\"_blank\">Twitter<\/a>,&nbsp;<a rel=\"noreferrer noopener\" href=\"https:\/\/www.facebook.com\/senoticias1\" target=\"_blank\">Facebook<\/a>&nbsp;e no&nbsp;<a rel=\"noreferrer noopener\" href=\"https:\/\/www.instagram.com\/senoticias\/\" target=\"_blank\">Instagram<\/a><\/em><\/strong>.<\/p>\n\n\n\n<p>Fonte: Ag\u00eancia Brasil<\/p>\n","protected":false},"excerpt":{"rendered":"<p>A semana come\u00e7ar\u00e1 com geada na Campanha Ga\u00facha; neve em Santa Catarina e na Serra Ga\u00facha; frio adentrando na Regi\u00e3o Centro-Oeste; e ventos cada vez mais fortes no litoral do Rio Grande do Sul e de Santa Catarina. \u00c9 o que prev\u00ea o Instituto Nacional de Meteorologia (Inmet). Tudo em decorr\u00eancia da forma\u00e7\u00e3o e deslocamento [&hellip;]<\/p>\n","protected":false},"author":6557,"featured_media":0,"comment_status":"closed","ping_status":"closed","sticky":false,"template":"","format":"standard","meta":{"footnotes":""},"categories":[15,2961],"tags":[12398,12561,15406],"class_list":{"0":"post-132599","1":"post","2":"type-post","3":"status-publish","4":"format-standard","6":"category-destaques","7":"category-nacional","8":"tag-frio","9":"tag-inmet","10":"tag-previsao-do-tempo"},"_links":{"self":[{"href":"https:\/\/senoticias.com.br\/se\/wp-json\/wp\/v2\/posts\/132599"}],"collection":[{"href":"https:\/\/senoticias.com.br\/se\/wp-json\/wp\/v2\/posts"}],"about":[{"href":"https:\/\/senoticias.com.br\/se\/wp-json\/wp\/v2\/types\/post"}],"author":[{"embeddable":true,"href":"https:\/\/senoticias.com.br\/se\/wp-json\/wp\/v2\/users\/6557"}],"replies":[{"embeddable":true,"href":"https:\/\/senoticias.com.br\/se\/wp-json\/wp\/v2\/comments?post=132599"}],"version-history":[{"count":0,"href":"https:\/\/senoticias.com.br\/se\/wp-json\/wp\/v2\/posts\/132599\/revisions"}],"wp:attachment":[{"href":"https:\/\/senoticias.com.br\/se\/wp-json\/wp\/v2\/media?parent=132599"}],"wp:term":[{"taxonomy":"category","embeddable":true,"href":"https:\/\/senoticias.com.br\/se\/wp-json\/wp\/v2\/categories?post=132599"},{"taxonomy":"post_tag","embeddable":true,"href":"https:\/\/senoticias.com.br\/se\/wp-json\/wp\/v2\/tags?post=132599"}],"curies":[{"name":"wp","href":"https:\/\/api.w.org\/{rel}","templated":true}]}}