{"id":132597,"date":"2022-05-16T14:53:54","date_gmt":"2022-05-16T17:53:54","guid":{"rendered":"https:\/\/senoticias.com.br\/se\/?p=132597"},"modified":"2022-05-16T15:25:56","modified_gmt":"2022-05-16T18:25:56","slug":"marcelo-sobral-mostra-forca-e-segue-firme-em-busca-de-uma-vaga-na-assembleia-legislativa","status":"publish","type":"post","link":"https:\/\/senoticias.com.br\/se\/marcelo-sobral-mostra-forca-e-segue-firme-em-busca-de-uma-vaga-na-assembleia-legislativa\/","title":{"rendered":"Marcelo Sobral mostra for\u00e7a e segue firme em busca de uma vaga na Assembleia Legislativa"},"content":{"rendered":"\n<p>O jovem Marcelo Sobral entra forte na disputa para deputado estadual, com apoios expressivos como Andr\u00e9 Moura, Gedalva Umbaub\u00e1 de S\u00e3o Crist\u00f3v\u00e3o, Ivan do \u00d4nibus de Salgado e Guilherme Melo de Pirambu. Filho de Ot\u00e1vio Sobral, prefeito de Itaporanga D\u2019Ajuda, Marcelo \u00e9 advogado, empres\u00e1rio da \u00e1rea de carcinicultura e atuou muitos anos como Procurador Municipal, primeiro por Pirambu e, mais recentemente, por Itaporanga.<\/p>\n\n\n\n<figure class=\"wp-block-image size-large\"><img loading=\"lazy\" decoding=\"async\" width=\"615\" height=\"408\" src=\"https:\/\/senoticias.com.br\/se\/wp-content\/uploads\/2022\/05\/Marcelo-Sobral-SE-noticias.jpg\" alt=\"\" class=\"wp-image-132598\" srcset=\"https:\/\/senoticias.com.br\/se\/wp-content\/uploads\/2022\/05\/Marcelo-Sobral-SE-noticias.jpg 615w, https:\/\/senoticias.com.br\/se\/wp-content\/uploads\/2022\/05\/Marcelo-Sobral-SE-noticias-300x199.jpg 300w, https:\/\/senoticias.com.br\/se\/wp-content\/uploads\/2022\/05\/Marcelo-Sobral-SE-noticias-90x60.jpg 90w, https:\/\/senoticias.com.br\/se\/wp-content\/uploads\/2022\/05\/Marcelo-Sobral-SE-noticias-180x120.jpg 180w, https:\/\/senoticias.com.br\/se\/wp-content\/uploads\/2022\/05\/Marcelo-Sobral-SE-noticias-95x64.jpg 95w\" sizes=\"(max-width: 615px) 100vw, 615px\" \/><figcaption>Marcelo Sobral conta com apoio do ex-deputado federal Andr\u00e9 Moura &#8211; Foto: ascom\/divulga\u00e7\u00e3o<\/figcaption><\/figure>\n\n\n\n<p>Como servidor p\u00fablico de Itaporanga, Marcelo sempre esteve ao lado do pai em momentos decisivos da administra\u00e7\u00e3o. Foi um dos respons\u00e1veis, por exemplo, pela elabora\u00e7\u00e3o do Protocolo de Vacina\u00e7\u00e3o da Covid-19, a\u00e7\u00e3o pioneira em Sergipe e no Brasil durante a pandemia.<\/p>\n\n\n\n<p>Al\u00e9m da sa\u00fade, sua plataforma de atua\u00e7\u00e3o engloba temas como empreendedorismo, turismo, oportunidades para a juventude e gera\u00e7\u00e3o de emprego e renda. \u00c9 sua primeira candidatura, mas \u00e9 um jovem que chega maduro com sua experi\u00eancia de empres\u00e1rio bem-sucedido e servidor p\u00fablico competente. Renovar a pol\u00edtica com novas ideias e novos projetos \u00e9 o seu lema. Promover o bem-estar social \u00e9 sua meta.<\/p>\n\n\n\n<p><em><strong><em>Acompanhe tamb\u00e9m o SE Not\u00edcias no\u00a0<a rel=\"noreferrer noopener\" href=\"https:\/\/twitter.com\/Senoticias\" target=\"_blank\">Twitter<\/a>,\u00a0<a rel=\"noreferrer noopener\" href=\"https:\/\/www.facebook.com\/senoticias1\" target=\"_blank\">Facebook<\/a>\u00a0e no\u00a0<a rel=\"noreferrer noopener\" href=\"https:\/\/www.instagram.com\/senoticias\/\" target=\"_blank\">Instagram<\/a><\/em><\/strong>.<\/em><\/p>\n\n\n\n<p>Fonte: ascom\/divulga\u00e7\u00e3o<\/p>\n","protected":false},"excerpt":{"rendered":"<p>O jovem Marcelo Sobral entra forte na disputa para deputado estadual, com apoios expressivos como Andr\u00e9 Moura, Gedalva Umbaub\u00e1 de S\u00e3o Crist\u00f3v\u00e3o, Ivan do \u00d4nibus de Salgado e Guilherme Melo de Pirambu. Filho de Ot\u00e1vio Sobral, prefeito de Itaporanga D\u2019Ajuda, Marcelo \u00e9 advogado, empres\u00e1rio da \u00e1rea de carcinicultura e atuou muitos anos como Procurador Municipal, [&hellip;]<\/p>\n","protected":false},"author":6557,"featured_media":0,"comment_status":"closed","ping_status":"closed","sticky":false,"template":"","format":"standard","meta":{"footnotes":""},"categories":[15,38],"tags":[2130,36516],"class_list":{"0":"post-132597","1":"post","2":"type-post","3":"status-publish","4":"format-standard","6":"category-destaques","7":"category-municipios","8":"tag-itaporanga","9":"tag-marcelo-sobral"},"_links":{"self":[{"href":"https:\/\/senoticias.com.br\/se\/wp-json\/wp\/v2\/posts\/132597"}],"collection":[{"href":"https:\/\/senoticias.com.br\/se\/wp-json\/wp\/v2\/posts"}],"about":[{"href":"https:\/\/senoticias.com.br\/se\/wp-json\/wp\/v2\/types\/post"}],"author":[{"embeddable":true,"href":"https:\/\/senoticias.com.br\/se\/wp-json\/wp\/v2\/users\/6557"}],"replies":[{"embeddable":true,"href":"https:\/\/senoticias.com.br\/se\/wp-json\/wp\/v2\/comments?post=132597"}],"version-history":[{"count":0,"href":"https:\/\/senoticias.com.br\/se\/wp-json\/wp\/v2\/posts\/132597\/revisions"}],"wp:attachment":[{"href":"https:\/\/senoticias.com.br\/se\/wp-json\/wp\/v2\/media?parent=132597"}],"wp:term":[{"taxonomy":"category","embeddable":true,"href":"https:\/\/senoticias.com.br\/se\/wp-json\/wp\/v2\/categories?post=132597"},{"taxonomy":"post_tag","embeddable":true,"href":"https:\/\/senoticias.com.br\/se\/wp-json\/wp\/v2\/tags?post=132597"}],"curies":[{"name":"wp","href":"https:\/\/api.w.org\/{rel}","templated":true}]}}