{"id":132589,"date":"2022-05-15T14:59:11","date_gmt":"2022-05-15T17:59:11","guid":{"rendered":"https:\/\/senoticias.com.br\/se\/?p=132589"},"modified":"2022-05-15T20:22:16","modified_gmt":"2022-05-15T23:22:16","slug":"paulo-dantas-e-eleito-governador-tampao-de-alagoas-com-21-votos-na-alese","status":"publish","type":"post","link":"https:\/\/senoticias.com.br\/se\/paulo-dantas-e-eleito-governador-tampao-de-alagoas-com-21-votos-na-alese\/","title":{"rendered":"Paulo Dantas \u00e9 eleito governador-tamp\u00e3o de Alagoas com 21 votos, na Alese"},"content":{"rendered":"\n<p>Conforme esperado, o deputado estadual Paulo Dantas (MDB) foi eleito governador-tamp\u00e3o de Alagoas, na elei\u00e7\u00e3o indireta que ocorreu no in\u00edcio da tarde deste domingo (15), na Assembleia Legislativa (ALE), com 21 votos, com 25 dos 27 deputados estaduais presentes. O m\u00e9dico Jos\u00e9 Wanderley Neto (MDB) \u00e9 o vice.<\/p>\n\n\n\n<p><strong>Paulo Dantas<\/strong><\/p>\n\n\n\n<p>Dantas, de 42 anos, estava em seu primeiro mandato como deputado estadual, era o segundo-secret\u00e1rio da Mesa Diretora do Poder Legislativo e l\u00edder do Bloco da Maioria. Tamb\u00e9m foi presidente da Comiss\u00e3o de Constitui\u00e7\u00e3o e Justi\u00e7a, considerada a mais importante do Poder Legislativo.<\/p>\n\n\n\n<p>Paulo Dantas \u00e9 formado em administra\u00e7\u00e3o e, entre os anos de 2004 a 2012 foi prefeito do munic\u00edpio de Batalha. Em sua gest\u00e3o, fez o saneamento total da cidade, municipalizou o Hospital Estadual, al\u00e9m de criar uma pol\u00edtica de aten\u00e7\u00e3o b\u00e1sica \u00e0 sa\u00fade.<\/p>\n\n\n\n<figure class=\"wp-block-image size-large\"><img loading=\"lazy\" decoding=\"async\" width=\"560\" height=\"350\" src=\"https:\/\/senoticias.com.br\/se\/wp-content\/uploads\/2022\/05\/Paulo-Dantas-e-Doutor-Wanderley-SE-Noticias.jpg\" alt=\"\" class=\"wp-image-132590\" srcset=\"https:\/\/senoticias.com.br\/se\/wp-content\/uploads\/2022\/05\/Paulo-Dantas-e-Doutor-Wanderley-SE-Noticias.jpg 560w, https:\/\/senoticias.com.br\/se\/wp-content\/uploads\/2022\/05\/Paulo-Dantas-e-Doutor-Wanderley-SE-Noticias-300x188.jpg 300w, https:\/\/senoticias.com.br\/se\/wp-content\/uploads\/2022\/05\/Paulo-Dantas-e-Doutor-Wanderley-SE-Noticias-120x76.jpg 120w, https:\/\/senoticias.com.br\/se\/wp-content\/uploads\/2022\/05\/Paulo-Dantas-e-Doutor-Wanderley-SE-Noticias-308x192.jpg 308w\" sizes=\"(max-width: 560px) 100vw, 560px\" \/><figcaption>Paulo Dantas \u00e9 eleito governador e Jos\u00e9 Wanderley eleito vice-governador &#8211; Foto: Cada Minuto<\/figcaption><\/figure>\n\n\n\n<p><strong>Jos\u00e9 Wanderley Neto<\/strong><\/p>\n\n\n\n<p>O m\u00e9dico cardiologista Jos\u00e9 Wanderley Neto (MDB) \u00e9 natural de Cacimbinhas. Professor da Universidade Federal de Alagoas, tem 50 anos de profiss\u00e3o, com destaque como membro titular da Sociedade Brasileira de Cirurgia Cardiovascular e membro fundador da Associa\u00e7\u00e3o Brasileira de Transplante de \u00d3rg\u00e3os.<\/p>\n\n\n\n<p>Foi secret\u00e1rio de Sa\u00fade de Alagoas e presidente do Conselho Regional de Medicina de Alagoas, al\u00e9m de ter sido vice-governador de Alagoas, de 2007 a 2010. No cen\u00e1rio nacional, presidiu a Sociedade Brasileira de Cirurgia Cardiovascular e o Conselho Nacional de Secret\u00e1rios de Sa\u00fade (CONASS). Em sua vida profissional, j\u00e1 alcan\u00e7ou a marca de mais de 20 mil cirurgias card\u00edacas. Realizou o primeiro transplante card\u00edaco do Nordeste.<\/p>\n\n\n\n<p><strong>Elei\u00e7\u00f5es indiretas<\/strong><\/p>\n\n\n\n<p>A elei\u00e7\u00e3o indireta estava sub judice desde o final de abril, mas na sexta-feira (13), em sess\u00e3o extraordin\u00e1ria, os ministros do STF come\u00e7aram a julgar o caso. O placar j\u00e1 estava em 5 a 0 para a manuten\u00e7\u00e3o do pleito, da forma como decidido pelo ministro relator, Gilmar Mendes, quando o ministro Nunes Marques pediu vistas do processo. Mesmo com o pedido, a elei\u00e7\u00e3o foi mantida.<\/p>\n\n\n\n<p>A elei\u00e7\u00e3o indireta para o governo estadual \u00e9 necess\u00e1ria porque, em abril, o ent\u00e3o governador Renan Filho cumpriu o prazo de desincompatibiliza\u00e7\u00e3o e deixou o cargo para disputar as elei\u00e7\u00f5es para o Senado, conforme determina a legisla\u00e7\u00e3o eleitoral.<\/p>\n\n\n\n<p>Com a sa\u00edda, o vice-governador, Luciano Barbosa, eleito na chapa de Renan, deveria assumir, mas n\u00e3o estava mais no cargo, porque venceu as elei\u00e7\u00f5es de 2020 e se tornou prefeito de Arapiraca. O primeiro na linha sucess\u00f3ria seria o presidente da Assembleia Legislativa, Marcelo Vitor (MDB). No entanto, ele preferiu n\u00e3o assumir o governo do estado, porque ficaria impedido de concorrer \u00e0 reelei\u00e7\u00e3o, e convocou as elei\u00e7\u00f5es indiretas.<\/p>\n\n\n\n<p>Com os impedimentos, coube ao presidente do Tribunal de Justi\u00e7a, desembargador Klever Loureiro, \u00faltimo na linha sucess\u00f3ria, assumir o posto interinamente. O edital de convoca\u00e7\u00e3o da elei\u00e7\u00e3o foi contestado pelo PP e o caso foi parar no Supremo Tribunal Federal (STF).<\/p>\n\n\n\n<p>Ap\u00f3s analisar um recurso do PP, o ministro Gilmar Mendes determinou que fossem formadas chapas \u00fanicas para a disputa e reabriu o prazo para o registro das candidaturas.<\/p>\n\n\n\n<p><strong><em>Acompanhe tamb\u00e9m o SE Not\u00edcias no&nbsp;<a rel=\"noreferrer noopener\" href=\"https:\/\/twitter.com\/Senoticias\" target=\"_blank\">Twitter<\/a>,&nbsp;<a rel=\"noreferrer noopener\" href=\"https:\/\/www.facebook.com\/senoticias1\" target=\"_blank\">Facebook<\/a>&nbsp;e no&nbsp;<a rel=\"noreferrer noopener\" href=\"https:\/\/www.instagram.com\/senoticias\/\" target=\"_blank\">Instagram<\/a><\/em><\/strong>.<\/p>\n\n\n\n<p>Fonte: Ag\u00eancia Brasil e Cada Minuto<\/p>\n","protected":false},"excerpt":{"rendered":"<p>Conforme esperado, o deputado estadual Paulo Dantas (MDB) foi eleito governador-tamp\u00e3o de Alagoas, na elei\u00e7\u00e3o indireta que ocorreu no in\u00edcio da tarde deste domingo (15), na Assembleia Legislativa (ALE), com 21 votos, com 25 dos 27 deputados estaduais presentes. O m\u00e9dico Jos\u00e9 Wanderley Neto (MDB) \u00e9 o vice. Paulo Dantas Dantas, de 42 anos, estava [&hellip;]<\/p>\n","protected":false},"author":6557,"featured_media":0,"comment_status":"closed","ping_status":"closed","sticky":false,"template":"","format":"standard","meta":{"footnotes":""},"categories":[15,2961],"tags":[2653,36513,36512,36514],"class_list":{"0":"post-132589","1":"post","2":"type-post","3":"status-publish","4":"format-standard","6":"category-destaques","7":"category-nacional","8":"tag-alagoas","9":"tag-alagoas-tem-novo-governador","10":"tag-governador-paulo-dantas","11":"tag-governador-tampao"},"_links":{"self":[{"href":"https:\/\/senoticias.com.br\/se\/wp-json\/wp\/v2\/posts\/132589"}],"collection":[{"href":"https:\/\/senoticias.com.br\/se\/wp-json\/wp\/v2\/posts"}],"about":[{"href":"https:\/\/senoticias.com.br\/se\/wp-json\/wp\/v2\/types\/post"}],"author":[{"embeddable":true,"href":"https:\/\/senoticias.com.br\/se\/wp-json\/wp\/v2\/users\/6557"}],"replies":[{"embeddable":true,"href":"https:\/\/senoticias.com.br\/se\/wp-json\/wp\/v2\/comments?post=132589"}],"version-history":[{"count":0,"href":"https:\/\/senoticias.com.br\/se\/wp-json\/wp\/v2\/posts\/132589\/revisions"}],"wp:attachment":[{"href":"https:\/\/senoticias.com.br\/se\/wp-json\/wp\/v2\/media?parent=132589"}],"wp:term":[{"taxonomy":"category","embeddable":true,"href":"https:\/\/senoticias.com.br\/se\/wp-json\/wp\/v2\/categories?post=132589"},{"taxonomy":"post_tag","embeddable":true,"href":"https:\/\/senoticias.com.br\/se\/wp-json\/wp\/v2\/tags?post=132589"}],"curies":[{"name":"wp","href":"https:\/\/api.w.org\/{rel}","templated":true}]}}