{"id":132565,"date":"2022-05-16T10:57:47","date_gmt":"2022-05-16T13:57:47","guid":{"rendered":"https:\/\/senoticias.com.br\/se\/?p=132565"},"modified":"2022-05-16T12:05:52","modified_gmt":"2022-05-16T15:05:52","slug":"atropelamento-deixa-homem-ferido-e-cavalo-morto-na-rodovia-joao-bebe-agua-em-sao-cristovao","status":"publish","type":"post","link":"https:\/\/senoticias.com.br\/se\/atropelamento-deixa-homem-ferido-e-cavalo-morto-na-rodovia-joao-bebe-agua-em-sao-cristovao\/","title":{"rendered":"Atropelamento deixa homem ferido e cavalo morto na Rodovia Jo\u00e3o Bebe \u00c1gua, em S\u00e3o Crist\u00f3v\u00e3o"},"content":{"rendered":"\n<p>Um motorista embriagado foi preso ap\u00f3s atropelar um homem e seu cavalo  por volta das 19h de domingo, 15, na rodovia Jo\u00e3o Bebe \u00c1gua (065), no bairro Luiz Alves, em S\u00e3o Crist\u00f3v\u00e3o.<\/p>\n\n\n\n<p>De acordo com as informa\u00e7\u00f5es obtidas pela <strong>reportagem do Portal SE Not\u00edcias<\/strong>, o homem que estava no cavalo tinha participando de uma cavalgada que acontecia no Povoado Cabrita. Ainda segundo os detalhes, o motorista n\u00e3o teria visualizado o cavalo transitava na rodovia.<\/p>\n\n\n\n<figure class=\"wp-block-image size-large\"><img loading=\"lazy\" decoding=\"async\" width=\"589\" height=\"315\" src=\"https:\/\/senoticias.com.br\/se\/wp-content\/uploads\/2022\/05\/Acidente-com-cavalo-SE-Noticias.jpg\" alt=\"\" class=\"wp-image-132592\" srcset=\"https:\/\/senoticias.com.br\/se\/wp-content\/uploads\/2022\/05\/Acidente-com-cavalo-SE-Noticias.jpg 589w, https:\/\/senoticias.com.br\/se\/wp-content\/uploads\/2022\/05\/Acidente-com-cavalo-SE-Noticias-300x160.jpg 300w\" sizes=\"(max-width: 589px) 100vw, 589px\" \/><figcaption>Motorista estava embriagado e foi detido pela CPTran &#8211; Foto: SE Not\u00edcias<\/figcaption><\/figure>\n\n\n\n<p>Segundo a Companhia de Pol\u00edcia de Tr\u00e2nsito (CPTran), o condutou obteve resultado de 0.33 mg\/l de \u00e1lcool no teste do baf\u00f4metro, sendo autuado pelo crime de les\u00e3o corporal culposa ao volante. Ele foi levado \u00e0 delegacia e ir\u00e1 passar por uma audi\u00eancia de cust\u00f3dia.  <\/p>\n\n\n\n<p>Segundo a Companhia de Pol\u00edcia de Tr\u00e2nsito (CPTran), o condutou obteve resultado de 0.33 mg\/l de \u00e1lcool no teste do baf\u00f4metro, sendo autuado pelo crime de les\u00e3o corporal culposa ao volante. Ele foi levado \u00e0 delegacia e ir\u00e1 passar por uma audi\u00eancia de cust\u00f3dia. <strong>Na manh\u00e3 desta segunda-feira, 16, a Companhia de Pol\u00edcia de Tr\u00e2nsito (CPTran) informou que o cavalo morreu<\/strong>.<\/p>\n\n\n\n<p>J\u00e1 a v\u00edtima foi socorrida pelo Servi\u00e7o de Atendimento M\u00f3vel de Urg\u00eancia (Samu) e encaminhado ao hospital.<\/p>\n\n\n\n<p><a href=\"https:\/\/youtube.com\/shorts\/fd9cQe_VGUw\">https:\/\/youtube.com\/shorts\/fd9cQe_VGUw<\/a><\/p>\n\n\n\n<p><em><strong><em>Acompanhe tamb\u00e9m o SE Not\u00edcias no\u00a0<a rel=\"noreferrer noopener\" href=\"https:\/\/twitter.com\/Senoticias\" target=\"_blank\">Twitter<\/a>,\u00a0<a rel=\"noreferrer noopener\" href=\"https:\/\/www.facebook.com\/senoticias1\" target=\"_blank\">Facebook<\/a>\u00a0e no\u00a0<a rel=\"noreferrer noopener\" href=\"https:\/\/www.instagram.com\/senoticias\/\" target=\"_blank\">Instagram<\/a><\/em><\/strong>.<\/em><\/p>\n","protected":false},"excerpt":{"rendered":"<p>Um motorista embriagado foi preso ap\u00f3s atropelar um homem e seu cavalo por volta das 19h de domingo, 15, na rodovia Jo\u00e3o Bebe \u00c1gua (065), no bairro Luiz Alves, em S\u00e3o Crist\u00f3v\u00e3o. De acordo com as informa\u00e7\u00f5es obtidas pela reportagem do Portal SE Not\u00edcias, o homem que estava no cavalo tinha participando de uma cavalgada [&hellip;]<\/p>\n","protected":false},"author":6557,"featured_media":0,"comment_status":"closed","ping_status":"closed","sticky":false,"template":"","format":"standard","meta":{"footnotes":""},"categories":[15,7],"tags":[36515,16582],"class_list":{"0":"post-132565","1":"post","2":"type-post","3":"status-publish","4":"format-standard","6":"category-destaques","7":"category-policia","8":"tag-acidente-com-cavalo","9":"tag-acidente-na-joao-bebe-agua"},"_links":{"self":[{"href":"https:\/\/senoticias.com.br\/se\/wp-json\/wp\/v2\/posts\/132565"}],"collection":[{"href":"https:\/\/senoticias.com.br\/se\/wp-json\/wp\/v2\/posts"}],"about":[{"href":"https:\/\/senoticias.com.br\/se\/wp-json\/wp\/v2\/types\/post"}],"author":[{"embeddable":true,"href":"https:\/\/senoticias.com.br\/se\/wp-json\/wp\/v2\/users\/6557"}],"replies":[{"embeddable":true,"href":"https:\/\/senoticias.com.br\/se\/wp-json\/wp\/v2\/comments?post=132565"}],"version-history":[{"count":0,"href":"https:\/\/senoticias.com.br\/se\/wp-json\/wp\/v2\/posts\/132565\/revisions"}],"wp:attachment":[{"href":"https:\/\/senoticias.com.br\/se\/wp-json\/wp\/v2\/media?parent=132565"}],"wp:term":[{"taxonomy":"category","embeddable":true,"href":"https:\/\/senoticias.com.br\/se\/wp-json\/wp\/v2\/categories?post=132565"},{"taxonomy":"post_tag","embeddable":true,"href":"https:\/\/senoticias.com.br\/se\/wp-json\/wp\/v2\/tags?post=132565"}],"curies":[{"name":"wp","href":"https:\/\/api.w.org\/{rel}","templated":true}]}}