{"id":132503,"date":"2022-05-09T14:42:41","date_gmt":"2022-05-09T17:42:41","guid":{"rendered":"https:\/\/senoticias.com.br\/se\/?p=132503"},"modified":"2022-05-09T14:42:50","modified_gmt":"2022-05-09T17:42:50","slug":"inscricoes-para-o-enem-2022-comecam-na-terca-feira","status":"publish","type":"post","link":"https:\/\/senoticias.com.br\/se\/inscricoes-para-o-enem-2022-comecam-na-terca-feira\/","title":{"rendered":"Inscri\u00e7\u00f5es para o Enem 2022 come\u00e7am na ter\u00e7a-feira"},"content":{"rendered":"\n<p>As inscri\u00e7\u00f5es para o Exame Nacional do Ensino M\u00e9dio (Enem) come\u00e7am nesta ter\u00e7a-feira (10) e podem ser realizadas at\u00e9 o dia 21 de maio. Pela primeira vez, os interessados em participar do exame poder\u00e3o efetuar o pagamento da taxa de inscri\u00e7\u00e3o por meio de PIX e cart\u00e3o de cr\u00e9dito.<\/p>\n\n\n\n<figure class=\"wp-block-image size-large\"><img loading=\"lazy\" decoding=\"async\" width=\"1024\" height=\"613\" src=\"https:\/\/senoticias.com.br\/se\/wp-content\/uploads\/2022\/05\/enem_vac_abr_2811214312-1024x613.jpg\" alt=\"\" class=\"wp-image-132504\"\/><figcaption>Participantes do Exame Nacional do Ensino M\u00e9dio (Enem) 2021 fazem, neste domingo (28), segundo dia de avalia\u00e7\u00e3o, provas de matem\u00e1tica e de ci\u00eancia da natureza. &#8211;\nFoto: Ag\u00eancia Brasil<\/figcaption><\/figure>\n\n\n\n<p>O resultado dos recursos para isen\u00e7\u00e3o da taxa de inscri\u00e7\u00e3o j\u00e1 est\u00e1 dispon\u00edvel na P\u00e1gina do Participante. O Instituto Nacional de Estudos e Pesquisas Educacionais An\u00edsio Teixeira (Inep) ressalta que a aprova\u00e7\u00e3o dos pedidos n\u00e3o garante a inscri\u00e7\u00e3o no exame.<\/p>\n\n\n\n<p>A taxa de inscri\u00e7\u00e3o para o Enem 2022, vers\u00f5es digital ou impressa, foi mantida no valor de R$ 85. O per\u00edodo para efetuar o pagamento se encerra em 27 de maio. A participa\u00e7\u00e3o no exame apenas ser\u00e1 garantida apenas ap\u00f3s a confirma\u00e7\u00e3o do pagamento da taxa.<\/p>\n\n\n\n<p>O pagamento da taxa de inscri\u00e7\u00e3o tamb\u00e9m poder\u00e1 ser feito por meio do tradicional boleto, que deve ser gerado na P\u00e1gina do Participante e pago em qualquer banco, casa lot\u00e9rica, aplicativos banc\u00e1rios ou ag\u00eancia dos Correios, obedecendo aos crit\u00e9rios estabelecidos por esses correspondentes banc\u00e1rios e respeitando os hor\u00e1rios de compensa\u00e7\u00e3o.<\/p>\n\n\n\n<p>J\u00e1 os interessados em fazer o Enem 2022 que obtiveram a isen\u00e7\u00e3o da taxa devem realizar a inscri\u00e7\u00e3o na P\u00e1gina do Participante, mas n\u00e3o precisam efetuar o pagamento para confirmar a participa\u00e7\u00e3o.<\/p>\n\n\n\n<p><strong>Provas<\/strong><br>As provas ser\u00e3o realizadas nos dias 13 e 20 de novembro. A aplica\u00e7\u00e3o dos testes impressos seguir\u00e1 o hor\u00e1rio de Bras\u00edlia. A abertura dos port\u00f5es ser\u00e1 \u00e0s 12h, e o fechamento \u00e0s 13h. O in\u00edcio das provas ser\u00e1 \u00e0s 13h30. No primeiro dia de Enem, o t\u00e9rmino das provas ser\u00e1 \u00e0s 19h. No segundo dia de testes, \u00e0s 18h30.<\/p>\n\n\n\n<p>O exame ser\u00e1 constitu\u00eddo de quatro provas objetivas e uma reda\u00e7\u00e3o em l\u00edngua portuguesa. Cada prova objetiva ter\u00e1 45 quest\u00f5es de m\u00faltipla escolha.<\/p>\n\n\n\n<p>No primeiro dia do exame, ser\u00e3o aplicadas as provas de linguagens, c\u00f3digos e reda\u00e7\u00e3o (l\u00edngua Portuguesa, literatura, l\u00edngua estrangeira, artes, educa\u00e7\u00e3o f\u00edsica e tecnologias da informa\u00e7\u00e3o e comunica\u00e7\u00e3o); e de ci\u00eancias humanas e suas tecnologias (hist\u00f3ria, geografia, filosofia e sociologia).<\/p>\n\n\n\n<p>A aplica\u00e7\u00e3o ter\u00e1 5 horas e 30 minutos de dura\u00e7\u00e3o, contadas a partir da autoriza\u00e7\u00e3o do chefe de sala para o in\u00edcio das provas.<\/p>\n\n\n\n<p>No segundo dia do exame, ser\u00e3o aplicadas as provas de ci\u00eancias da natureza (qu\u00edmica, f\u00edsica e biologia) e matem\u00e1tica e suas tecnologias. A aplica\u00e7\u00e3o ter\u00e1 5 horas de dura\u00e7\u00e3o, contadas a partir da autoriza\u00e7\u00e3o do chefe de sala para o in\u00edcio das provas.<\/p>\n\n\n\n<p>Os gabaritos das provas objetivas ser\u00e3o divulgados no Portal do Inep, at\u00e9 o terceiro dia \u00fatil ap\u00f3s o \u00faltimo dia de aplica\u00e7\u00e3o.<\/p>\n\n\n\n<p><em>Quer receber as principais not\u00edcias do&nbsp;<strong>SE Not\u00edcias<\/strong>&nbsp;no seu&nbsp;<strong>WhatsApp?<\/strong>&nbsp;<strong><a href=\"https:\/\/api.whatsapp.com\/send?phone=5579991715289\">Clique aqui<\/a><\/strong>.<\/em><\/p>\n\n\n\n<p>Fonte: Ag\u00eancia Brasil<\/p>\n","protected":false},"excerpt":{"rendered":"<p>As inscri\u00e7\u00f5es para o Exame Nacional do Ensino M\u00e9dio (Enem) come\u00e7am nesta ter\u00e7a-feira (10) e podem ser realizadas at\u00e9 o dia 21 de maio. Pela primeira vez, os interessados em participar do exame poder\u00e3o efetuar o pagamento da taxa de inscri\u00e7\u00e3o por meio de PIX e cart\u00e3o de cr\u00e9dito. O resultado dos recursos para isen\u00e7\u00e3o [&hellip;]<\/p>\n","protected":false},"author":6557,"featured_media":0,"comment_status":"closed","ping_status":"closed","sticky":false,"template":"","format":"standard","meta":{"footnotes":""},"categories":[15,2961],"tags":[764,12121,883],"class_list":{"0":"post-132503","1":"post","2":"type-post","3":"status-publish","4":"format-standard","6":"category-destaques","7":"category-nacional","8":"tag-enem","9":"tag-inscricao-enem","10":"tag-sisu"},"_links":{"self":[{"href":"https:\/\/senoticias.com.br\/se\/wp-json\/wp\/v2\/posts\/132503"}],"collection":[{"href":"https:\/\/senoticias.com.br\/se\/wp-json\/wp\/v2\/posts"}],"about":[{"href":"https:\/\/senoticias.com.br\/se\/wp-json\/wp\/v2\/types\/post"}],"author":[{"embeddable":true,"href":"https:\/\/senoticias.com.br\/se\/wp-json\/wp\/v2\/users\/6557"}],"replies":[{"embeddable":true,"href":"https:\/\/senoticias.com.br\/se\/wp-json\/wp\/v2\/comments?post=132503"}],"version-history":[{"count":0,"href":"https:\/\/senoticias.com.br\/se\/wp-json\/wp\/v2\/posts\/132503\/revisions"}],"wp:attachment":[{"href":"https:\/\/senoticias.com.br\/se\/wp-json\/wp\/v2\/media?parent=132503"}],"wp:term":[{"taxonomy":"category","embeddable":true,"href":"https:\/\/senoticias.com.br\/se\/wp-json\/wp\/v2\/categories?post=132503"},{"taxonomy":"post_tag","embeddable":true,"href":"https:\/\/senoticias.com.br\/se\/wp-json\/wp\/v2\/tags?post=132503"}],"curies":[{"name":"wp","href":"https:\/\/api.w.org\/{rel}","templated":true}]}}