{"id":132501,"date":"2022-05-09T14:36:15","date_gmt":"2022-05-09T17:36:15","guid":{"rendered":"https:\/\/senoticias.com.br\/se\/?p=132501"},"modified":"2022-05-09T14:36:23","modified_gmt":"2022-05-09T17:36:23","slug":"contran-beneficiara-motoristas-que-nao-cometerem-infracao-por-12-meses","status":"publish","type":"post","link":"https:\/\/senoticias.com.br\/se\/contran-beneficiara-motoristas-que-nao-cometerem-infracao-por-12-meses\/","title":{"rendered":"Contran beneficiar\u00e1 motoristas que n\u00e3o cometerem infra\u00e7\u00e3o por 12 meses"},"content":{"rendered":"\n<p>O Conselho Nacional de Tr\u00e2nsito publicou, no Di\u00e1rio Oficial da Uni\u00e3o de hoje (9), uma delibera\u00e7\u00e3o que prev\u00ea benef\u00edcios a condutores cadastrados no Registro Nacional Positivo de Condutores (RNPC) que n\u00e3o tenham cometido infra\u00e7\u00f5es pelo prazo de 12 meses.<\/p>\n\n\n\n<figure class=\"wp-block-image size-large\"><img loading=\"lazy\" decoding=\"async\" width=\"1024\" height=\"613\" src=\"https:\/\/senoticias.com.br\/se\/wp-content\/uploads\/2022\/05\/949499-transito-congestionado-1024x613.jpg\" alt=\"\" class=\"wp-image-132502\"\/><figcaption> Medida vale para condutor cadastrado que conceder autoriza\u00e7\u00e3o pr\u00e9via. &#8211; Foto: Antonio Cruz\/Ag\u00eancia Brasil<\/figcaption><\/figure>\n\n\n\n<p>Previsto no C\u00f3digo de Tr\u00e2nsito Brasileiro (CTB), o RNPC tem, por finalidade, cadastrar condutores que n\u00e3o cometeram infra\u00e7\u00e3o de tr\u00e2nsito sujeita \u00e0 pontua\u00e7\u00e3o durante o per\u00edodo de 1 ano.<\/p>\n\n\n\n<p>A Delibera\u00e7\u00e3o n\u00ba 257 publicada hoje prev\u00ea que, para ser cadastrado no RNPC, o condutor dever\u00e1 conceder autoriza\u00e7\u00e3o pr\u00e9via por meio de aplicativo ou outro meio eletr\u00f4nico &#8220;regulamentado pelo \u00f3rg\u00e3o m\u00e1ximo executivo de tr\u00e2nsito da Uni\u00e3o&#8221;, ou seja, pelo Departamento Nacional de Tr\u00e2nsito (Denatran).<\/p>\n\n\n\n<p>Ap\u00f3s conceder a autoriza\u00e7\u00e3o, o condutor ser\u00e1 cadastrado no RNPC, independentemente de comunica\u00e7\u00e3o pelo \u00f3rg\u00e3o m\u00e1ximo executivo de tr\u00e2nsito da Uni\u00e3o. A autoriza\u00e7\u00e3o pr\u00e9via \u201cimplica em consentimento do condutor para que os demais cidad\u00e3os visualizem seu cadastro no RNPC\u201d, conforme disposto na delibera\u00e7\u00e3o<\/p>\n\n\n\n<p>A consulta ao RNPC, na qual \u00e9 informado se o pesquisado est\u00e1 ou n\u00e3o ali cadastrado, \u00e9 garantida a todos os cidad\u00e3os, mediante fornecimento do nome completo e CPF do condutor.<\/p>\n\n\n\n<p>A delibera\u00e7\u00e3o acrescenta que o RNPC \u201cpoder\u00e1 ser utilizado para a concess\u00e3o de benef\u00edcios de qualquer natureza aos condutores cadastrados\u201d, e que esses benef\u00edcios poder\u00e3o ser \u201cfiscais ou tarif\u00e1rios\u201d, na forma da legisla\u00e7\u00e3o espec\u00edfica de cada ente da federa\u00e7\u00e3o.<\/p>\n\n\n\n<p>Por fim, o Contran informa que o RNPC ser\u00e1 implementado pelo \u00f3rg\u00e3o m\u00e1ximo executivo de tr\u00e2nsito da Uni\u00e3o em at\u00e9 180 dias.<\/p>\n\n\n\n<p><em>Quer receber as principais not\u00edcias do&nbsp;<strong>SE Not\u00edcias<\/strong>&nbsp;no seu&nbsp;<strong>WhatsApp?<\/strong>&nbsp;<strong><a href=\"https:\/\/api.whatsapp.com\/send?phone=5579991715289\">Clique aqui<\/a><\/strong>.<\/em><\/p>\n\n\n\n<p>Fonte: Ag\u00eancia Brasil<\/p>\n","protected":false},"excerpt":{"rendered":"<p>O Conselho Nacional de Tr\u00e2nsito publicou, no Di\u00e1rio Oficial da Uni\u00e3o de hoje (9), uma delibera\u00e7\u00e3o que prev\u00ea benef\u00edcios a condutores cadastrados no Registro Nacional Positivo de Condutores (RNPC) que n\u00e3o tenham cometido infra\u00e7\u00f5es pelo prazo de 12 meses. Previsto no C\u00f3digo de Tr\u00e2nsito Brasileiro (CTB), o RNPC tem, por finalidade, cadastrar condutores que n\u00e3o [&hellip;]<\/p>\n","protected":false},"author":6557,"featured_media":0,"comment_status":"closed","ping_status":"closed","sticky":false,"template":"","format":"standard","meta":{"footnotes":""},"categories":[15,6],"tags":[6532,36453,16279],"class_list":{"0":"post-132501","1":"post","2":"type-post","3":"status-publish","4":"format-standard","6":"category-destaques","7":"category-politica","8":"tag-contran","9":"tag-rnpc","10":"tag-transito-2"},"_links":{"self":[{"href":"https:\/\/senoticias.com.br\/se\/wp-json\/wp\/v2\/posts\/132501"}],"collection":[{"href":"https:\/\/senoticias.com.br\/se\/wp-json\/wp\/v2\/posts"}],"about":[{"href":"https:\/\/senoticias.com.br\/se\/wp-json\/wp\/v2\/types\/post"}],"author":[{"embeddable":true,"href":"https:\/\/senoticias.com.br\/se\/wp-json\/wp\/v2\/users\/6557"}],"replies":[{"embeddable":true,"href":"https:\/\/senoticias.com.br\/se\/wp-json\/wp\/v2\/comments?post=132501"}],"version-history":[{"count":0,"href":"https:\/\/senoticias.com.br\/se\/wp-json\/wp\/v2\/posts\/132501\/revisions"}],"wp:attachment":[{"href":"https:\/\/senoticias.com.br\/se\/wp-json\/wp\/v2\/media?parent=132501"}],"wp:term":[{"taxonomy":"category","embeddable":true,"href":"https:\/\/senoticias.com.br\/se\/wp-json\/wp\/v2\/categories?post=132501"},{"taxonomy":"post_tag","embeddable":true,"href":"https:\/\/senoticias.com.br\/se\/wp-json\/wp\/v2\/tags?post=132501"}],"curies":[{"name":"wp","href":"https:\/\/api.w.org\/{rel}","templated":true}]}}