{"id":132473,"date":"2022-05-06T15:03:03","date_gmt":"2022-05-06T18:03:03","guid":{"rendered":"https:\/\/senoticias.com.br\/se\/?p=132473"},"modified":"2022-05-06T15:03:13","modified_gmt":"2022-05-06T18:03:13","slug":"forca-tatica-da-policia-militar-reforca-policiamento-no-litoral-sul-de-sergipe","status":"publish","type":"post","link":"https:\/\/senoticias.com.br\/se\/forca-tatica-da-policia-militar-reforca-policiamento-no-litoral-sul-de-sergipe\/","title":{"rendered":"For\u00e7a T\u00e1tica da Pol\u00edcia Militar, refor\u00e7a policiamento no Litoral Sul de Sergipe"},"content":{"rendered":"\n<p><\/p>\n\n\n\n<p>A regi\u00e3o litor\u00e2nea de Est\u00e2ncia ganhou um importante refor\u00e7o na seguran\u00e7a p\u00fablica nesta sexta-feira (6). O Governo de Sergipe inaugurou a base da For\u00e7a T\u00e1tica Litor\u00e2nea, vinculada ao 6\u00ba Batalh\u00e3o de Pol\u00edcia Militar (6\u00ba BPM). A unidade, composta por 12 policiais militares com treinamento espec\u00edfico e armamento especial, fica localizada na Rua Alzira Ribeiro, n\u00ba 571, no povoado Aba\u00eds, em Est\u00e2ncia. O pr\u00e9dio que abriga a nova base foi cedido por meio de uma parceria com a Prefeitura de Est\u00e2ncia.<\/p>\n\n\n\n<figure class=\"wp-block-image size-large\"><img loading=\"lazy\" decoding=\"async\" width=\"547\" height=\"466\" src=\"https:\/\/senoticias.com.br\/se\/wp-content\/uploads\/2022\/05\/Policiamento-no-Litoral-sul-de-Sergipe-SE-Noticias.jpg\" alt=\"\" class=\"wp-image-132474\" srcset=\"https:\/\/senoticias.com.br\/se\/wp-content\/uploads\/2022\/05\/Policiamento-no-Litoral-sul-de-Sergipe-SE-Noticias.jpg 547w, https:\/\/senoticias.com.br\/se\/wp-content\/uploads\/2022\/05\/Policiamento-no-Litoral-sul-de-Sergipe-SE-Noticias-300x256.jpg 300w\" sizes=\"(max-width: 547px) 100vw, 547px\" \/><figcaption>Pol\u00edcia Militar refor\u00e7a policiamento em Est\u00e2ncia &#8211; Foto: PM\/SE<\/figcaption><\/figure>\n\n\n\n<p>A For\u00e7a T\u00e1tica Litor\u00e2nea tem como objetivos inibir e reprimir o tr\u00e1fico de drogas, os roubos e furtos a estabelecimentos comerciais, resid\u00eancias e a pessoas, assim como atuar em opera\u00e7\u00f5es de satura\u00e7\u00e3o, bloqueios e no cumprimento de mandados de pris\u00e3o e recaptura de foragidos da Justi\u00e7a, o que garante uma maior sensa\u00e7\u00e3o de seguran\u00e7a para a popula\u00e7\u00e3o do litoral estanciano e seus arredores.<\/p>\n\n\n\n<p>O comandante da Pol\u00edcia Militar, coronel Marcony Cabral, destacou que a unidade ir\u00e1 refor\u00e7ar a seguran\u00e7a p\u00fablica para a popula\u00e7\u00e3o local e tamb\u00e9m para os turistas. \u201cN\u00f3s estaremos presentes diariamente, fazendo nosso trabalho preventivo para que as pessoas possam ficar \u00e0 vontade para estarem em uma regi\u00e3o t\u00e3o bonita que \u00e9 o Abais, \u00e1rea tur\u00edstica e que o progresso possa vir aliado \u00e0 seguran\u00e7a p\u00fablica\u201d, enfatizou.<\/p>\n\n\n\n<p>O tenente-coronel Lucas Rebelo, comandante do 6\u00ba Batalh\u00e3o de Pol\u00edcia Militar (6\u00ba BPM), explicou que a unidade atuar\u00e1 nas principais demandas de seguran\u00e7a p\u00fablica da comunidade local. \u201c\u00c9 uma reivindica\u00e7\u00e3o antiga e hoje estamos inaugurando o posto avan\u00e7ado, que vai fazer o policiamento ostensivo e preventivo na regi\u00e3o. \u00c9 uma \u00e1rea tur\u00edstica e que o pessoal frequenta muito aos finais de semana, ent\u00e3o estamos inaugurando esse posto que vai coibir a perturba\u00e7\u00e3o do sossego e furtos nas resid\u00eancias\u201d, ressaltou.<\/p>\n\n\n\n<p>O secret\u00e1rio da seguran\u00e7a p\u00fablica, Jo\u00e3o Eloy de Menezes, revelou que a unidade faz parte do planejamento estrat\u00e9gico de amplia\u00e7\u00e3o da seguran\u00e7a p\u00fablica em todo o estado de Sergipe. \u201cEsse trabalho, direcionado para faixas litor\u00e2neas, est\u00e1 no planejamento da Secretaria da Seguran\u00e7a P\u00fablica e, em breve, ser\u00e1 levado para outras regi\u00f5es do estado\u201d, salientou.<\/p>\n\n\n\n<p>O governador Belivaldo Chagas reiterou que a unidade atende ao pleito da comunidade local e representa um importante ganho para a regi\u00e3o. \u201cEra uma reclama\u00e7\u00e3o antiga. A regi\u00e3o tem muitas casas de veraneio e havia muita reclama\u00e7\u00e3o de perturba\u00e7\u00e3o de sossego e de furtos e roubos. Para solucionarmos isso, determinamos que a SSP procurasse uma alternativa para montar a estrutura atendendo aos reclames da comunidade\u201d, assinalou.<\/p>\n\n\n\n<p><strong>For\u00e7a T\u00e1tica Litor\u00e2nea<\/strong><\/p>\n\n\n\n<p>A unidade \u00e9 formada por equipes de tr\u00eas policiais militares e uma viatura do tipo caminhonete. As equipes se revezam 24 horas por dia no patrulhamento t\u00e1tico motorizado em toda a regi\u00e3o litor\u00e2nea do munic\u00edpio de Est\u00e2ncia, \u00e1rea que compreende a rodovia do povoado Aba\u00eds, a Rodovia SE-100, e os povoados Saco e Porto do Mato, no limite com o munic\u00edpio de Indiaroba. Tamb\u00e9m faz parte da \u00e1rea de atua\u00e7\u00e3o da unidade todas as localidades urbanas e rurais, incluindo as faixas de areia das praias, proporcionando mais seguran\u00e7a aos turistas e veranistas que, em n\u00fameros expressivos, visitam as belezas naturais da regi\u00e3o.<\/p>\n\n\n\n<p><em>Quer receber as principais not\u00edcias do\u00a0<strong>SE Not\u00edcias<\/strong>\u00a0no seu\u00a0<strong>WhatsApp?<\/strong>\u00a0<strong><a href=\"https:\/\/api.whatsapp.com\/send?phone=5579991715289\">Clique aqui<\/a><\/strong>.<\/em><\/p>\n\n\n\n<p>Fonte: PM\/SE<\/p>\n","protected":false},"excerpt":{"rendered":"<p>A regi\u00e3o litor\u00e2nea de Est\u00e2ncia ganhou um importante refor\u00e7o na seguran\u00e7a p\u00fablica nesta sexta-feira (6). O Governo de Sergipe inaugurou a base da For\u00e7a T\u00e1tica Litor\u00e2nea, vinculada ao 6\u00ba Batalh\u00e3o de Pol\u00edcia Militar (6\u00ba BPM). A unidade, composta por 12 policiais militares com treinamento espec\u00edfico e armamento especial, fica localizada na Rua Alzira Ribeiro, n\u00ba [&hellip;]<\/p>\n","protected":false},"author":6557,"featured_media":0,"comment_status":"closed","ping_status":"closed","sticky":false,"template":"","format":"standard","meta":{"footnotes":""},"categories":[15,7],"tags":[36437,36436,36438],"class_list":{"0":"post-132473","1":"post","2":"type-post","3":"status-publish","4":"format-standard","6":"category-destaques","7":"category-policia","8":"tag-forca-tatica-da-policia-militar","9":"tag-forca-tatica-litoranea","10":"tag-litoral-sul-de-sergipe"},"_links":{"self":[{"href":"https:\/\/senoticias.com.br\/se\/wp-json\/wp\/v2\/posts\/132473"}],"collection":[{"href":"https:\/\/senoticias.com.br\/se\/wp-json\/wp\/v2\/posts"}],"about":[{"href":"https:\/\/senoticias.com.br\/se\/wp-json\/wp\/v2\/types\/post"}],"author":[{"embeddable":true,"href":"https:\/\/senoticias.com.br\/se\/wp-json\/wp\/v2\/users\/6557"}],"replies":[{"embeddable":true,"href":"https:\/\/senoticias.com.br\/se\/wp-json\/wp\/v2\/comments?post=132473"}],"version-history":[{"count":0,"href":"https:\/\/senoticias.com.br\/se\/wp-json\/wp\/v2\/posts\/132473\/revisions"}],"wp:attachment":[{"href":"https:\/\/senoticias.com.br\/se\/wp-json\/wp\/v2\/media?parent=132473"}],"wp:term":[{"taxonomy":"category","embeddable":true,"href":"https:\/\/senoticias.com.br\/se\/wp-json\/wp\/v2\/categories?post=132473"},{"taxonomy":"post_tag","embeddable":true,"href":"https:\/\/senoticias.com.br\/se\/wp-json\/wp\/v2\/tags?post=132473"}],"curies":[{"name":"wp","href":"https:\/\/api.w.org\/{rel}","templated":true}]}}