{"id":132410,"date":"2022-05-03T09:17:57","date_gmt":"2022-05-03T12:17:57","guid":{"rendered":"https:\/\/senoticias.com.br\/se\/?p=132410"},"modified":"2022-05-03T09:26:18","modified_gmt":"2022-05-03T12:26:18","slug":"procon-de-sergipe-divulga-pesquisa-de-precos-para-o-dia-das-maes","status":"publish","type":"post","link":"https:\/\/senoticias.com.br\/se\/procon-de-sergipe-divulga-pesquisa-de-precos-para-o-dia-das-maes\/","title":{"rendered":"Procon de Sergipe divulga pesquisa de pre\u00e7os para o Dia das M\u00e3es"},"content":{"rendered":"\n<p>O Procon\/SE divulgou, nesta segunda-feira, 02\/05, a pesquisa de pre\u00e7os de itens mais procurados para o Dia das M\u00e3es. A pesquisa foi realizada entre os dias 25 e 27 de abril, em Aracaju e as equipes verificaram os valores em 12 estabelecimentos comerciais.<\/p>\n\n\n\n<figure class=\"wp-block-image size-large\"><img loading=\"lazy\" decoding=\"async\" width=\"576\" height=\"1024\" src=\"https:\/\/senoticias.com.br\/se\/wp-content\/uploads\/2022\/04\/procon-senoticias.jpg\" alt=\"\" class=\"wp-image-132297\" srcset=\"https:\/\/senoticias.com.br\/se\/wp-content\/uploads\/2022\/04\/procon-senoticias.jpg 576w, https:\/\/senoticias.com.br\/se\/wp-content\/uploads\/2022\/04\/procon-senoticias-169x300.jpg 169w\" sizes=\"(max-width: 576px) 100vw, 576px\" \/><figcaption>Procon de Sergipe divulga pesquisa de pre\u00e7o de itens mais procurados para o Dia das M\u00e3es &#8211;\nFoto: ascom\/Procon <\/figcaption><\/figure>\n\n\n\n<p>O objetivo desse tipo de pesquisa, de acordo com a diretora da institui\u00e7\u00e3o, Tereza Raquel, \u00e9 guiar o consumidor a tomar as melhores decis\u00f5es no momento da compra, assim como, incentivar que eles procurem realizar a pesquisa de pre\u00e7os dos produtos que consomem.<\/p>\n\n\n\n<p><strong>Sobre a pesquisa<\/strong><\/p>\n\n\n\n<p>O levantamento foi feito com produtos diversificados e voltados para o per\u00edodo, como buqu\u00ea de flores, delicatessen, chocolateria, perfumaria e diversos eletrodom\u00e9sticos. No geral, foram 20 itens analisados por marca e demais detalhes, objetivando chegar ao dado mais realista poss\u00edvel.<\/p>\n\n\n\n<p>As lojas que participaram da pesquisa foram: Para\u00edso das Flores; Bela Rosa; Mercado Municipal; Pandoro; Emp\u00f3rio S\u00e3o Bento; Regina Delicatessen; Cacau Show; Cacau Brasil; Botic\u00e1rio; Mahogany; Casas Bahia e Magazine Luiza.<\/p>\n\n\n\n<p>A pesquisa identificou que itens como buqu\u00ea de flores podem contar com uma diferen\u00e7a de at\u00e9 185.71% de diferen\u00e7a. Eletrodom\u00e9sticos, por sua vez, podem variar em at\u00e9 25.06%. Confira detalhadamente todos os itens clicando <strong><a href=\"https:\/\/www.procon.se.gov.br\/wp-content\/uploads\/2022\/05\/DIA-DAS-MAES.pdf\">AQUI<\/a><\/strong><\/p>\n\n\n\n<p><em>Quer receber as principais not\u00edcias do\u00a0<strong>SE Not\u00edcias<\/strong>\u00a0no seu\u00a0<strong>WhatsApp?<\/strong>\u00a0<strong><a href=\"https:\/\/api.whatsapp.com\/send?phone=5579991715289\">Clique aqui<\/a><\/strong>.<\/em><\/p>\n\n\n\n<p>Fonte: Site da Sejuc<\/p>\n\n\n\n<p><\/p>\n\n\n\n<p><\/p>\n\n\n\n<p><\/p>\n","protected":false},"excerpt":{"rendered":"<p>O Procon\/SE divulgou, nesta segunda-feira, 02\/05, a pesquisa de pre\u00e7os de itens mais procurados para o Dia das M\u00e3es. A pesquisa foi realizada entre os dias 25 e 27 de abril, em Aracaju e as equipes verificaram os valores em 12 estabelecimentos comerciais. O objetivo desse tipo de pesquisa, de acordo com a diretora da [&hellip;]<\/p>\n","protected":false},"author":6557,"featured_media":0,"comment_status":"closed","ping_status":"closed","sticky":false,"template":"","format":"standard","meta":{"footnotes":""},"categories":[15,6,1],"tags":[3529,36395],"class_list":{"0":"post-132410","1":"post","2":"type-post","3":"status-publish","4":"format-standard","6":"category-destaques","7":"category-politica","8":"category-sem-categoria","9":"tag-dia-das-maes","10":"tag-pesquisa-de-precos"},"_links":{"self":[{"href":"https:\/\/senoticias.com.br\/se\/wp-json\/wp\/v2\/posts\/132410"}],"collection":[{"href":"https:\/\/senoticias.com.br\/se\/wp-json\/wp\/v2\/posts"}],"about":[{"href":"https:\/\/senoticias.com.br\/se\/wp-json\/wp\/v2\/types\/post"}],"author":[{"embeddable":true,"href":"https:\/\/senoticias.com.br\/se\/wp-json\/wp\/v2\/users\/6557"}],"replies":[{"embeddable":true,"href":"https:\/\/senoticias.com.br\/se\/wp-json\/wp\/v2\/comments?post=132410"}],"version-history":[{"count":0,"href":"https:\/\/senoticias.com.br\/se\/wp-json\/wp\/v2\/posts\/132410\/revisions"}],"wp:attachment":[{"href":"https:\/\/senoticias.com.br\/se\/wp-json\/wp\/v2\/media?parent=132410"}],"wp:term":[{"taxonomy":"category","embeddable":true,"href":"https:\/\/senoticias.com.br\/se\/wp-json\/wp\/v2\/categories?post=132410"},{"taxonomy":"post_tag","embeddable":true,"href":"https:\/\/senoticias.com.br\/se\/wp-json\/wp\/v2\/tags?post=132410"}],"curies":[{"name":"wp","href":"https:\/\/api.w.org\/{rel}","templated":true}]}}