{"id":132369,"date":"2022-04-28T15:41:02","date_gmt":"2022-04-28T18:41:02","guid":{"rendered":"https:\/\/senoticias.com.br\/se\/?p=132369"},"modified":"2022-04-28T18:42:33","modified_gmt":"2022-04-28T21:42:33","slug":"defesa-civil-de-aracaju-emite-alerta-de-continuidade-de-chuvas-nas-proximas-24-horas","status":"publish","type":"post","link":"https:\/\/senoticias.com.br\/se\/defesa-civil-de-aracaju-emite-alerta-de-continuidade-de-chuvas-nas-proximas-24-horas\/","title":{"rendered":"Defesa Civil de Aracaju emite alerta de continuidade de chuvas nas pr\u00f3ximas 24 horas"},"content":{"rendered":"\n<p>A Defesa Civil de Aracaju emitiu, nesta quinta-feira (28), um alerta para a continuidade de chuvas nas pr\u00f3ximas 24 horas.<\/p>\n\n\n\n<figure class=\"wp-block-image size-large\"><img loading=\"lazy\" decoding=\"async\" width=\"519\" height=\"389\" src=\"https:\/\/senoticias.com.br\/se\/wp-content\/uploads\/2021\/12\/Previsao-de-chuvas-se-noticias.jpeg\" alt=\"\" class=\"wp-image-130863\" srcset=\"https:\/\/senoticias.com.br\/se\/wp-content\/uploads\/2021\/12\/Previsao-de-chuvas-se-noticias.jpeg 519w, https:\/\/senoticias.com.br\/se\/wp-content\/uploads\/2021\/12\/Previsao-de-chuvas-se-noticias-300x225.jpeg 300w, https:\/\/senoticias.com.br\/se\/wp-content\/uploads\/2021\/12\/Previsao-de-chuvas-se-noticias-45x35.jpeg 45w\" sizes=\"(max-width: 519px) 100vw, 519px\" \/><figcaption>Em caso de emerg\u00eancia, moradores das \u00e1reas de risco devem ligar para o n\u00famero 199 &#8211; arquivo\/Se Not\u00edcias<\/figcaption><\/figure>\n\n\n\n<p>&#8220;Nas \u00faltimas 12h, foram contabilizados, pelo monitor de chuva, o total de 34,5 mil\u00edmetros. Estamos preparados para agir de forma integrada com os demais \u00f3rg\u00e3os que integram o Comit\u00ea de Gerenciamento de Crise da Prefeitura de Aracaju, conforme as necessidades que venham ocorrer&#8221;, disse o secret\u00e1rio da Defesa Social e da Cidadania, o tenente-coronel Silvio Prado Silvio Prado.<\/p>\n\n\n\n<p>A orienta\u00e7\u00e3o da Defesa Civil \u00e9 de que a popula\u00e7\u00e3o n\u00e3o se abrigue debaixo de \u00e1rvores, por risco de queda e descargas el\u00e9tricas, e que tamb\u00e9m n\u00e3o estacione ve\u00edculos pr\u00f3ximos a torres de transmiss\u00e3o e placas de propaganda.<\/p>\n\n\n\n<p><strong>Servi\u00e7o de Alerta<\/strong><br><br>A popula\u00e7\u00e3o pode receber os alertas os alertas meteorol\u00f3gicos via SMS. Basta enviar um SMS para o n\u00famero 40199 e inserir, no campo da mensagem, o CEP do local sobre o qual deseja receber informa\u00e7\u00f5es.<\/p>\n\n\n\n<p>Ap\u00f3s encaminhar o SMS de cadastro, ser\u00e1 enviada uma mensagem de confirma\u00e7\u00e3o e o celular estar\u00e1 habilitado para receber os alertas da Defesa Civil. O servi\u00e7o \u00e9 gratuito e permite que a mesma pessoa cadastre mais de um CEP.<\/p>\n\n\n\n<p><em>Quer receber as principais not\u00edcias do&nbsp;<strong>SE Not\u00edcias<\/strong>&nbsp;no seu&nbsp;<strong>WhatsApp?<\/strong>&nbsp;<strong><a href=\"https:\/\/api.whatsapp.com\/send?phone=5579991715289\">Clique aqui<\/a><\/strong>.<\/em><\/p>\n\n\n\n<p>Fonte: G1 SE<\/p>\n","protected":false},"excerpt":{"rendered":"<p>A Defesa Civil de Aracaju emitiu, nesta quinta-feira (28), um alerta para a continuidade de chuvas nas pr\u00f3ximas 24 horas. &#8220;Nas \u00faltimas 12h, foram contabilizados, pelo monitor de chuva, o total de 34,5 mil\u00edmetros. Estamos preparados para agir de forma integrada com os demais \u00f3rg\u00e3os que integram o Comit\u00ea de Gerenciamento de Crise da Prefeitura [&hellip;]<\/p>\n","protected":false},"author":6557,"featured_media":0,"comment_status":"closed","ping_status":"closed","sticky":false,"template":"","format":"standard","meta":{"footnotes":""},"categories":[15,6],"tags":[119,16802,11172],"class_list":{"0":"post-132369","1":"post","2":"type-post","3":"status-publish","4":"format-standard","6":"category-destaques","7":"category-politica","8":"tag-chuvas","9":"tag-defesa-civil-de-aracaju","10":"tag-previsao-de-chuvas"},"_links":{"self":[{"href":"https:\/\/senoticias.com.br\/se\/wp-json\/wp\/v2\/posts\/132369"}],"collection":[{"href":"https:\/\/senoticias.com.br\/se\/wp-json\/wp\/v2\/posts"}],"about":[{"href":"https:\/\/senoticias.com.br\/se\/wp-json\/wp\/v2\/types\/post"}],"author":[{"embeddable":true,"href":"https:\/\/senoticias.com.br\/se\/wp-json\/wp\/v2\/users\/6557"}],"replies":[{"embeddable":true,"href":"https:\/\/senoticias.com.br\/se\/wp-json\/wp\/v2\/comments?post=132369"}],"version-history":[{"count":0,"href":"https:\/\/senoticias.com.br\/se\/wp-json\/wp\/v2\/posts\/132369\/revisions"}],"wp:attachment":[{"href":"https:\/\/senoticias.com.br\/se\/wp-json\/wp\/v2\/media?parent=132369"}],"wp:term":[{"taxonomy":"category","embeddable":true,"href":"https:\/\/senoticias.com.br\/se\/wp-json\/wp\/v2\/categories?post=132369"},{"taxonomy":"post_tag","embeddable":true,"href":"https:\/\/senoticias.com.br\/se\/wp-json\/wp\/v2\/tags?post=132369"}],"curies":[{"name":"wp","href":"https:\/\/api.w.org\/{rel}","templated":true}]}}