{"id":132349,"date":"2022-04-26T20:17:31","date_gmt":"2022-04-26T23:17:31","guid":{"rendered":"https:\/\/senoticias.com.br\/se\/?p=132349"},"modified":"2022-04-26T20:17:37","modified_gmt":"2022-04-26T23:17:37","slug":"deputado-daniel-silveira-afirma-que-esta-sem-a-tornozeleira-apos-indulto","status":"publish","type":"post","link":"https:\/\/senoticias.com.br\/se\/deputado-daniel-silveira-afirma-que-esta-sem-a-tornozeleira-apos-indulto\/","title":{"rendered":"Deputado Daniel Silveira afirma que est\u00e1 sem a tornozeleira ap\u00f3s indulto"},"content":{"rendered":"\n<p>O deputado federal Daniel Silveira (PTB-RJ) circulou pela C\u00e2mara nesta ter\u00e7a-feira sem a tornozeleira eletr\u00f4nica. Condenado pelo Supremo Tribunal Federal (STF) por amea\u00e7ar as institui\u00e7\u00f5es democr\u00e1ticas, o parlamentar deveria estar com o dispositivo desde o dia 31 de mar\u00e7o .<\/p>\n\n\n\n<figure class=\"wp-block-image size-large\"><img loading=\"lazy\" decoding=\"async\" width=\"586\" height=\"415\" src=\"https:\/\/senoticias.com.br\/se\/wp-content\/uploads\/2022\/04\/Deputado-Daniel-Silveira-SE-Noticias.png\" alt=\"\" class=\"wp-image-132350\" srcset=\"https:\/\/senoticias.com.br\/se\/wp-content\/uploads\/2022\/04\/Deputado-Daniel-Silveira-SE-Noticias.png 586w, https:\/\/senoticias.com.br\/se\/wp-content\/uploads\/2022\/04\/Deputado-Daniel-Silveira-SE-Noticias-300x212.png 300w\" sizes=\"(max-width: 586px) 100vw, 586px\" \/><figcaption>Em meio a confronto contra a decis\u00e3o do STF sobre seu mandato, Daniel Silveira segue frequentando o plen\u00e1rio da C\u00e2mara. Foto: Lucas Neiva\/ Congresso em Foco<\/figcaption><\/figure>\n\n\n\n<p>A Secretaria de Administra\u00e7\u00e3o Penitenci\u00e1ria (Seap) do Distrito Federal identificou que a tornozeleira est\u00e1 descarregada desde o domingo de P\u00e1scoa.<\/p>\n\n\n\n<p>Antes de entrar no plen\u00e1rio da Casa, Silveira tirou foto com apoiadores e conversou com outros parlamentares. Questionado por jornalistas, ele ironizou sobre a tornozeleira:<\/p>\n\n\n\n<p>&#8220;Nem era para eu ter usado ela. Estou sem ela&#8221;.<\/p>\n\n\n\n<p>Ele disse que n\u00e3o queria fazer outros coment\u00e1rios sobre o caso. Em seguida, seguiu ao plen\u00e1rio para marcar presen\u00e7a na vota\u00e7\u00e3o de hoje.<\/p>\n\n\n\n<p>Silveira recebeu o perd\u00e3o presidencial de Jair Bolsonaro (PL) na \u00faltima quinta-feira, um dia ap\u00f3s sua condena\u00e7\u00e3o no Supremo. A Corte havia sentenciado ao parlamentar uma pena de oito anos e noves meses de pris\u00e3o, al\u00e9m da perda do mandato e dos direitos pol\u00edticos.<\/p>\n\n\n\n<p>Segundo a Seap, nos 26 dias que Silveira est\u00e1 com a tornozeleira, ela ficou desligada por mais da metade do tempo. Em documentos enviados ao STF, em ao menos sete ocasi\u00f5es a bateria do dispositivo ficou descarregado. A \u00faltima foi em 17 de abril, domingo de P\u00e1scoa, n\u00e3o tendo sido carregada depois disso.<\/p>\n\n\n\n<p>Silveira chegou a ser preso em fevereiro do ano passado, ap\u00f3s veicular v\u00eddeo com ataques aos ministros do STF, mas depois foi solto com o estabelecimento de medidas cautelares, como a de n\u00e3o manter contato com outros investigados por atos antidemocr\u00e1ticos e n\u00e3o participar de eventos p\u00fablicos.<\/p>\n\n\n\n<p>Por ter descumprido algumas dessas cautelares, Moraes determinou a instala\u00e7\u00e3o de tornozeleira eletr\u00f4nica no deputado. Ele \u00e9 r\u00e9u em uma a\u00e7\u00e3o penal no STF por ataques feitos aos ministros da Corte.<\/p>\n\n\n\n<p><em>Quer receber as principais not\u00edcias do\u00a0<strong>SE Not\u00edcias<\/strong>\u00a0no seu\u00a0<strong>WhatsApp?<\/strong>\u00a0<strong><a href=\"https:\/\/api.whatsapp.com\/send?phone=5579991715289\">Clique aqui<\/a><\/strong>.<\/em><\/p>\n\n\n\n<p>Por Ag\u00eancia O Globo<\/p>\n","protected":false},"excerpt":{"rendered":"<p>O deputado federal Daniel Silveira (PTB-RJ) circulou pela C\u00e2mara nesta ter\u00e7a-feira sem a tornozeleira eletr\u00f4nica. Condenado pelo Supremo Tribunal Federal (STF) por amea\u00e7ar as institui\u00e7\u00f5es democr\u00e1ticas, o parlamentar deveria estar com o dispositivo desde o dia 31 de mar\u00e7o . A Secretaria de Administra\u00e7\u00e3o Penitenci\u00e1ria (Seap) do Distrito Federal identificou que a tornozeleira est\u00e1 descarregada [&hellip;]<\/p>\n","protected":false},"author":6557,"featured_media":0,"comment_status":"closed","ping_status":"closed","sticky":false,"template":"","format":"standard","meta":{"footnotes":""},"categories":[15,2961],"tags":[36363,16545,16707,836],"class_list":{"0":"post-132349","1":"post","2":"type-post","3":"status-publish","4":"format-standard","6":"category-destaques","7":"category-nacional","8":"tag-condenado-pelo-supremo-tribunal-federal","9":"tag-daniel-silveira","10":"tag-deputado-daniel-silveira","11":"tag-stf"},"_links":{"self":[{"href":"https:\/\/senoticias.com.br\/se\/wp-json\/wp\/v2\/posts\/132349"}],"collection":[{"href":"https:\/\/senoticias.com.br\/se\/wp-json\/wp\/v2\/posts"}],"about":[{"href":"https:\/\/senoticias.com.br\/se\/wp-json\/wp\/v2\/types\/post"}],"author":[{"embeddable":true,"href":"https:\/\/senoticias.com.br\/se\/wp-json\/wp\/v2\/users\/6557"}],"replies":[{"embeddable":true,"href":"https:\/\/senoticias.com.br\/se\/wp-json\/wp\/v2\/comments?post=132349"}],"version-history":[{"count":0,"href":"https:\/\/senoticias.com.br\/se\/wp-json\/wp\/v2\/posts\/132349\/revisions"}],"wp:attachment":[{"href":"https:\/\/senoticias.com.br\/se\/wp-json\/wp\/v2\/media?parent=132349"}],"wp:term":[{"taxonomy":"category","embeddable":true,"href":"https:\/\/senoticias.com.br\/se\/wp-json\/wp\/v2\/categories?post=132349"},{"taxonomy":"post_tag","embeddable":true,"href":"https:\/\/senoticias.com.br\/se\/wp-json\/wp\/v2\/tags?post=132349"}],"curies":[{"name":"wp","href":"https:\/\/api.w.org\/{rel}","templated":true}]}}