{"id":132347,"date":"2022-04-26T19:46:56","date_gmt":"2022-04-26T22:46:56","guid":{"rendered":"https:\/\/senoticias.com.br\/se\/?p=132347"},"modified":"2022-04-26T19:47:04","modified_gmt":"2022-04-26T22:47:04","slug":"grande-rio-e-campea-pela-primeira-vez-do-carnaval-do-rio","status":"publish","type":"post","link":"https:\/\/senoticias.com.br\/se\/grande-rio-e-campea-pela-primeira-vez-do-carnaval-do-rio\/","title":{"rendered":"Grande Rio \u00e9 campe\u00e3, pela primeira vez, do carnaval do Rio"},"content":{"rendered":"\n<p><\/p>\n\n\n\n<p>A Grande Rio \u00e9 a campe\u00e3 do carnaval do Rio do Grupo Especial, pela primeira vez em sua hist\u00f3ria. Com o enredo Fala, Majet\u00e9! Sete Chaves de Exu, a escola obteve nota 269,9.<\/p>\n\n\n\n<figure class=\"wp-block-image size-large\"><img loading=\"lazy\" decoding=\"async\" width=\"574\" height=\"343\" src=\"https:\/\/senoticias.com.br\/se\/wp-content\/uploads\/2022\/04\/Carnaval-do-Rio-de-Janeiro-SE-Noticias.jpg\" alt=\"\" class=\"wp-image-132348\" srcset=\"https:\/\/senoticias.com.br\/se\/wp-content\/uploads\/2022\/04\/Carnaval-do-Rio-de-Janeiro-SE-Noticias.jpg 574w, https:\/\/senoticias.com.br\/se\/wp-content\/uploads\/2022\/04\/Carnaval-do-Rio-de-Janeiro-SE-Noticias-300x179.jpg 300w\" sizes=\"(max-width: 574px) 100vw, 574px\" \/><figcaption>Grande Rio \u00e9 campe\u00e3 do carnaval do Rio &#8211; Foto: Gabriel Monteiro\/Riotur<\/figcaption><\/figure>\n\n\n\n<p>Em segundo lugar, ficou a Beija-Flor. Com o enredo Empretecer o Pensamento \u00e9 Ouvir a Voz da Beija-Flor, a escola obteve nota 269,6.<\/p>\n\n\n\n<p>A terceira posi\u00e7\u00e3o foi ocupada pela Viradouro, com o enredo N\u00e3o h\u00e1 Tristeza que Possa Suportar Tanta Alegria. A escola teve nota 269,5. A quarta coloca\u00e7\u00e3o coube \u00e0 Vila Isabel, com o enredo Canta, Canta, Minha Gente! A Vila \u00e9 de Martinho, com 269,3. A quinta posi\u00e7\u00e3o ficou com a Portela, com Igi Os\u00e8 Baob\u00e1, com nota 269,2. O sexto lugar coube ao Salgueiro, com o enredo Resist\u00eancia, a escola obteve nota 268,3. As seis primeiras colocadas voltam no desfile das campe\u00e3s, no pr\u00f3ximo s\u00e1bado (30).<\/p>\n\n\n\n<p>As demais posi\u00e7\u00f5es ficaram com a Mangueira, em s\u00e9timo, com 268,2; a Mocidade, em oitavo, tamb\u00e9m com 268,2, mas atr\u00e1s pelo crit\u00e9rio de desempate; a Unidos da Tijuca, em nono, com 267,9; a Imperatriz Leopoldinense, em d\u00e9cimo, com 266,9. A Para\u00edso do Tuiuti ficou em d\u00e9cimo-primeiro, com 266,4. E a S\u00e3o Clemente, em d\u00e9cimo-segundo, com 263,7, foi rebaixada e disputar\u00e1 o pr\u00f3ximo carnaval na S\u00e9rie Ouro.<\/p>\n\n\n\n<p>Por n\u00e3o ser feriado, a apura\u00e7\u00e3o atraiu um p\u00fablico menor que nos anos anteriores. Ainda assim, torcedores de todas as escolas se fizeram presentes nas arquibancadas, com faixas e bandeiras. At\u00e9 um cartaz em mem\u00f3ria da menina Raquel Antunes, morta em um acidente com carro aleg\u00f3rico, foi levado por um torcedor<\/p>\n\n\n\n<p>Em Duque de Caxias, na Baixada Fluminense, a quadra da Grande Rio ficou pequena para os milhares de torcedores, que comemoraram o t\u00edtulo in\u00e9dito.<\/p>\n","protected":false},"excerpt":{"rendered":"<p>A Grande Rio \u00e9 a campe\u00e3 do carnaval do Rio do Grupo Especial, pela primeira vez em sua hist\u00f3ria. Com o enredo Fala, Majet\u00e9! Sete Chaves de Exu, a escola obteve nota 269,9. Em segundo lugar, ficou a Beija-Flor. Com o enredo Empretecer o Pensamento \u00e9 Ouvir a Voz da Beija-Flor, a escola obteve nota [&hellip;]<\/p>\n","protected":false},"author":6557,"featured_media":0,"comment_status":"closed","ping_status":"closed","sticky":false,"template":"","format":"standard","meta":{"footnotes":""},"categories":[15,2961],"tags":[36361,36362,36360],"class_list":{"0":"post-132347","1":"post","2":"type-post","3":"status-publish","4":"format-standard","6":"category-destaques","7":"category-nacional","8":"tag-carnaval-do-rio","9":"tag-grande-rio","10":"tag-grande-rio-e-campea-do-carnaval-do-rio"},"_links":{"self":[{"href":"https:\/\/senoticias.com.br\/se\/wp-json\/wp\/v2\/posts\/132347"}],"collection":[{"href":"https:\/\/senoticias.com.br\/se\/wp-json\/wp\/v2\/posts"}],"about":[{"href":"https:\/\/senoticias.com.br\/se\/wp-json\/wp\/v2\/types\/post"}],"author":[{"embeddable":true,"href":"https:\/\/senoticias.com.br\/se\/wp-json\/wp\/v2\/users\/6557"}],"replies":[{"embeddable":true,"href":"https:\/\/senoticias.com.br\/se\/wp-json\/wp\/v2\/comments?post=132347"}],"version-history":[{"count":0,"href":"https:\/\/senoticias.com.br\/se\/wp-json\/wp\/v2\/posts\/132347\/revisions"}],"wp:attachment":[{"href":"https:\/\/senoticias.com.br\/se\/wp-json\/wp\/v2\/media?parent=132347"}],"wp:term":[{"taxonomy":"category","embeddable":true,"href":"https:\/\/senoticias.com.br\/se\/wp-json\/wp\/v2\/categories?post=132347"},{"taxonomy":"post_tag","embeddable":true,"href":"https:\/\/senoticias.com.br\/se\/wp-json\/wp\/v2\/tags?post=132347"}],"curies":[{"name":"wp","href":"https:\/\/api.w.org\/{rel}","templated":true}]}}