{"id":132303,"date":"2022-04-21T21:20:57","date_gmt":"2022-04-22T00:20:57","guid":{"rendered":"https:\/\/senoticias.com.br\/se\/?p=132303"},"modified":"2022-04-21T21:29:57","modified_gmt":"2022-04-22T00:29:57","slug":"bolsonaro-concede-perdao-a-deputado-daniel-silveira-condenado-pelo-stf","status":"publish","type":"post","link":"https:\/\/senoticias.com.br\/se\/bolsonaro-concede-perdao-a-deputado-daniel-silveira-condenado-pelo-stf\/","title":{"rendered":"Bolsonaro confronta STF e anuncia decreto que d\u00e1 perd\u00e3o de pena a Daniel Silveira"},"content":{"rendered":"\n<p>O presidente Jair Bolsonaro (PL) concedeu nesta quinta-feira (21) o instituto da gra\u00e7a (uma esp\u00e9cie de perd\u00e3o) ao deputado federal Daniel Silveira (PTB-RJ), condenado na quarta (20) a oito anos e nove meses de pris\u00e3o pelo STF (Supremo Tribunal Federal) por amea\u00e7as aos ministros da Corte.<\/p>\n\n\n\n<figure class=\"wp-block-image size-large\"><img loading=\"lazy\" decoding=\"async\" width=\"544\" height=\"361\" src=\"https:\/\/senoticias.com.br\/se\/wp-content\/uploads\/2022\/04\/Bolsonaro-e-Daniel-Silveira-SE-Noticias.png\" alt=\"\" class=\"wp-image-132305\" srcset=\"https:\/\/senoticias.com.br\/se\/wp-content\/uploads\/2022\/04\/Bolsonaro-e-Daniel-Silveira-SE-Noticias.png 544w, https:\/\/senoticias.com.br\/se\/wp-content\/uploads\/2022\/04\/Bolsonaro-e-Daniel-Silveira-SE-Noticias-300x199.png 300w, https:\/\/senoticias.com.br\/se\/wp-content\/uploads\/2022\/04\/Bolsonaro-e-Daniel-Silveira-SE-Noticias-90x60.png 90w, https:\/\/senoticias.com.br\/se\/wp-content\/uploads\/2022\/04\/Bolsonaro-e-Daniel-Silveira-SE-Noticias-180x120.png 180w, https:\/\/senoticias.com.br\/se\/wp-content\/uploads\/2022\/04\/Bolsonaro-e-Daniel-Silveira-SE-Noticias-95x64.png 95w\" sizes=\"(max-width: 544px) 100vw, 544px\" \/><figcaption>Presidente fez o an\u00fancio em rede social; segundo ele, a sociedade est\u00e1 em &#8216;leg\u00edtima como\u00e7\u00e3o&#8217; por conta da condena\u00e7\u00e3o do parlamentar bolsonarista &#8211; Foto: reprodu\u00e7\u00e3o\/Twitter)<\/figcaption><\/figure>\n\n\n\n<p>O instituto da gra\u00e7a \u00e9 uma prerrogativa do presidente da Rep\u00fablica para extinguir a condena\u00e7\u00e3o de uma pessoa. Advogados dizem que \u00e9 um direito do presidente garantido na Constitui\u00e7\u00e3o, mas que isso cria uma tens\u00e3o com o STF. Os especiaistas consultados dizem que o deputado n\u00e3o deve ser preso, mas perderia os direitos pol\u00edticos.<\/p>\n\n\n\n<p>&#8220;\u00c9 uma not\u00edcia de extrema import\u00e2ncia para nossa democracia e liberdade. Comecei a trabalhar nesse documento ontem, quando foi <strong>anunciada a pris\u00e3o de 8 anos e 9 meses a Daniel Silveira. S\u00e3o decis\u00f5es que n\u00e3o vou comentar&#8221;, disse Bolsonaro, antes de ler o decreto, que foi publicado minutos depois no &#8220;Di\u00e1rio Oficial&#8221; da Uni\u00e3o.<\/strong><\/p>\n\n\n\n<p>Durante transmiss\u00e3o nas suas redes sociais, Bolsonaro leu as justificativas para o decreto de gra\u00e7a. Disse que a sociedade &#8220;se encontra em leg\u00edtima como\u00e7\u00e3o em vista da condena\u00e7\u00e3o&#8221; de Daniel Silveira, que estaria &#8220;resguardado pela inviolabilidade de opini\u00e3o deferida pela Constitui\u00e7\u00e3o&#8221;. O presidente diz que o deputado &#8220;somente fez uso de sua liberdade de express\u00e3o&#8221;.<\/p>\n\n\n\n<p>Bolsonaro afirmou que a medida ser\u00e1 concedida independentemente dos recursos que o parlamentar pode apresentar contra a decis\u00e3o do STF. Condenado na quarta, Silveira ainda poderia questionar aspectos dos votos dos ministros do Supremo.<\/p>\n\n\n\n<p>&#8220;A gra\u00e7a inclui as penas privativas de liberdade, de multa, ainda que haja inadimpl\u00eancia ou d\u00edvida ativa na Uni\u00e3o. E as penas restritivas de direitos&#8221;, disse Bolsonaro.<\/p>\n\n\n\n<p>Diferentemente do indulto, que \u00e9 voltado para grupos ou categorias espec\u00edficas, a gra\u00e7a \u00e9 um perd\u00e3o individual, concedido exclusivamente pelo presidente da Rep\u00fablica para extinguir ou reduzir a pena imposta pela Justi\u00e7a. Ela \u00e9 proibida somente para crimes de tortura, tr\u00e1fico de drogas e crimes hediondos.<\/p>\n\n\n\n<p>Reservadamente, uma ala do STF entende que a gra\u00e7a concedida por Bolsonaro a Silveira s\u00f3 se aplica \u00e0 pena de pris\u00e3o e n\u00e3o tem o cond\u00e3o de derrubar a eventual inelegibilidade do parlamentar.<\/p>\n\n\n\n<p>O STF s\u00f3 dever\u00e1 se manifestar sobre o decreto quando for provocado. H\u00e1 expectativa que partidos da oposicao protocolem a\u00e7\u00f5es questionando o decreto de Bolsonaro.<\/p>\n\n\n\n<p>Pelas redes sociais, o senador Randolfe Rodrigues (Rede-AP) disse que &#8220;crimes contra a ordem constitucional n\u00e3o podem ser pass\u00edveis deste benef\u00edcio&#8221; e que ir\u00e1 acionar o STF com uma ADPF (Argui\u00e7\u00e3o de Descumprimento de Preceito Fundamental).<\/p>\n\n\n\n<p>Silveira foi condenado pelo STF pelos crimes de coa\u00e7\u00e3o no curso do processo \u2014quando uma pessoa usa da viol\u00eancia ou amea\u00e7a para obter vantagem em processo judicial\u2014 e por incitar \u00e0 tentativa de impedir o livre exerc\u00edcio dos Poderes. O deputado foi denunciado pela PGR (Procuradoria Geral da Rep\u00fablica) ap\u00f3s divulgar v\u00eddeo com amea\u00e7as aos ministros do Supremo.<\/p>\n\n\n\n<p>Ontem, por 10 votos a 1, o deputado foi condenado a oito anos e nove meses de pris\u00e3o, em regime fechado. Tamb\u00e9m foi condenado \u00e0 perda do mandato e \u00e0 suspens\u00e3o dos direitos pol\u00edticos, o que pode derrubar os planos do parlamentar de disputar as elei\u00e7\u00f5es deste ano.<\/p>\n\n\n\n<p>Procurado pelo UOL, o STF disse que n\u00e3o comentaria o an\u00fancio do presidente.<\/p>\n\n\n\n<p><em>Quer receber as principais not\u00edcias do\u00a0<strong>SE Not\u00edcias<\/strong>\u00a0no seu\u00a0<strong>WhatsApp?<\/strong>\u00a0<strong><a href=\"https:\/\/api.whatsapp.com\/send?phone=5579991715289\">Clique aqui<\/a><\/strong>.<\/em><\/p>\n\n\n\n<p>Fonte: UOL<\/p>\n","protected":false},"excerpt":{"rendered":"<p>O presidente Jair Bolsonaro (PL) concedeu nesta quinta-feira (21) o instituto da gra\u00e7a (uma esp\u00e9cie de perd\u00e3o) ao deputado federal Daniel Silveira (PTB-RJ), condenado na quarta (20) a oito anos e nove meses de pris\u00e3o pelo STF (Supremo Tribunal Federal) por amea\u00e7as aos ministros da Corte. O instituto da gra\u00e7a \u00e9 uma prerrogativa do presidente [&hellip;]<\/p>\n","protected":false},"author":6557,"featured_media":0,"comment_status":"closed","ping_status":"closed","sticky":false,"template":"","format":"standard","meta":{"footnotes":""},"categories":[15,2961,1],"tags":[36333,16545,36334,5785],"class_list":{"0":"post-132303","1":"post","2":"type-post","3":"status-publish","4":"format-standard","6":"category-destaques","7":"category-nacional","8":"category-sem-categoria","9":"tag-bolsonaro-confronta-stf","10":"tag-daniel-silveira","11":"tag-daniel-silveira-condenado","12":"tag-supremo-tribunal-federal"},"_links":{"self":[{"href":"https:\/\/senoticias.com.br\/se\/wp-json\/wp\/v2\/posts\/132303"}],"collection":[{"href":"https:\/\/senoticias.com.br\/se\/wp-json\/wp\/v2\/posts"}],"about":[{"href":"https:\/\/senoticias.com.br\/se\/wp-json\/wp\/v2\/types\/post"}],"author":[{"embeddable":true,"href":"https:\/\/senoticias.com.br\/se\/wp-json\/wp\/v2\/users\/6557"}],"replies":[{"embeddable":true,"href":"https:\/\/senoticias.com.br\/se\/wp-json\/wp\/v2\/comments?post=132303"}],"version-history":[{"count":0,"href":"https:\/\/senoticias.com.br\/se\/wp-json\/wp\/v2\/posts\/132303\/revisions"}],"wp:attachment":[{"href":"https:\/\/senoticias.com.br\/se\/wp-json\/wp\/v2\/media?parent=132303"}],"wp:term":[{"taxonomy":"category","embeddable":true,"href":"https:\/\/senoticias.com.br\/se\/wp-json\/wp\/v2\/categories?post=132303"},{"taxonomy":"post_tag","embeddable":true,"href":"https:\/\/senoticias.com.br\/se\/wp-json\/wp\/v2\/tags?post=132303"}],"curies":[{"name":"wp","href":"https:\/\/api.w.org\/{rel}","templated":true}]}}