{"id":132302,"date":"2022-04-21T10:29:02","date_gmt":"2022-04-21T13:29:02","guid":{"rendered":"https:\/\/senoticias.com.br\/se\/?p=132302"},"modified":"2022-04-21T10:33:58","modified_gmt":"2022-04-21T13:33:58","slug":"ministerio-publico-de-sergipe-lanca-edital-de-concurso-publico-para-o-cargo-de-promotor-de-justica","status":"publish","type":"post","link":"https:\/\/senoticias.com.br\/se\/ministerio-publico-de-sergipe-lanca-edital-de-concurso-publico-para-o-cargo-de-promotor-de-justica\/","title":{"rendered":"Minist\u00e9rio P\u00fablico de Sergipe lan\u00e7a Edital de Concurso P\u00fablico para o Cargo de Promotor de Justi\u00e7a"},"content":{"rendered":"\n<p><\/p>\n\n\n\n<p>O Minist\u00e9rio P\u00fablico de Sergipe (MPSE) lan\u00e7ou nesta quarta-feira, 20, o Edital n\u00ba 01\/2022 do XXI Concurso P\u00fablico para o Provimento de Vagas e a Forma\u00e7\u00e3o de Cadastro Reserva no Cargo de Promotor de Justi\u00e7a Substituto. Ser\u00e3o disponibilizadas 05 vagas, distribu\u00eddas em: 03 para ampla concorr\u00eancia; 01 reservada para pessoas com defici\u00eancia; e 01 reservada para pessoas negras. A data prevista para aplica\u00e7\u00e3o da prova preambular \u00e9 24 de julho de 2022.<\/p>\n\n\n\n<figure class=\"wp-block-image size-large\"><img loading=\"lazy\" decoding=\"async\" width=\"550\" height=\"365\" src=\"https:\/\/senoticias.com.br\/se\/wp-content\/uploads\/2020\/04\/foto-mpe-e1585855899305.jpg\" alt=\"\" class=\"wp-image-122735\"\/><figcaption> A data prevista para aplica\u00e7\u00e3o da prova preambular \u00e9 24 de julho de 2022 &#8211; Foto: arquivo\/SE Not\u00edcias<\/figcaption><\/figure>\n\n\n\n<p>O concurso p\u00fablico ser\u00e1 regido pelo Edital mencionado e pelo Regulamento do Concurso, sendo executado, conforme a respectiva fase, pelo Centro Brasileiro de Pesquisa em Avalia\u00e7\u00e3o e Sele\u00e7\u00e3o e de Promo\u00e7\u00e3o de Eventos (Cebraspe), e pelo MPSE.<\/p>\n\n\n\n<p>As inscri\u00e7\u00f5es estar\u00e3o abertas de 25 de abril (a partir das 10h) a 30 de maio (at\u00e9 as 18h\/Bras\u00edlia\/DF) e poder\u00e3o ser feitas atrav\u00e9s do site do Cebraspe (<strong><a href=\"https:\/\/www.cebraspe.org.br\/concursos\/mp_se_22_promotor\">clique aqui<\/a><\/strong>). A taxa de inscri\u00e7\u00e3o \u00e9 R$ 300,00 (trezentos reais).<\/p>\n\n\n\n<blockquote class=\"wp-block-quote is-layout-flow wp-block-quote-is-layout-flow\"><p><strong>Requisitos do Cargo de Promotor de Justi\u00e7a Substituto<\/strong><\/p><\/blockquote>\n\n\n\n<p>A investidura no cargo pressup\u00f5e o atendimento a alguns requisitos, dentre os quais: ter diploma, devidamente registrado, de conclus\u00e3o de curso de bacharelado em Direito em institui\u00e7\u00e3o de ensino superior reconhecida pelo Minist\u00e9rio da Educa\u00e7\u00e3o (MEC), comprovar o exerc\u00edcio por tr\u00eas anos, no m\u00ednimo, de atividade jur\u00eddica.<\/p>\n\n\n\n<p>Considera-se atividade jur\u00eddica, conforme requisitos do item 2 do edital: o efetivo exerc\u00edcio de advocacia, inclusive volunt\u00e1ria, com a participa\u00e7\u00e3o anual m\u00ednima em cinco atos privativos de advogado (Lei n\u00ba 8.906, de 4 de julho de 1994), em causas ou quest\u00f5es distintas; o exerc\u00edcio de cargo, emprego ou fun\u00e7\u00e3o, inclusive de magist\u00e9rio superior, que exija a utiliza\u00e7\u00e3o preponderante de conhecimentos jur\u00eddicos; o exerc\u00edcio de fun\u00e7\u00e3o de conciliador em tribunais judiciais, juizados especiais, varas especiais, anexos de juizados especiais ou de varas judiciais, assim como o exerc\u00edcio de media\u00e7\u00e3o ou de arbitragem na composi\u00e7\u00e3o de lit\u00edgios, pelo per\u00edodo m\u00ednimo de 16 horas mensais e durante um ano; o exerc\u00edcio, por bacharel em Direito, de servi\u00e7o volunt\u00e1rio em \u00f3rg\u00e3os p\u00fablicos que exija a pr\u00e1tica reiterada de atos que demandem a utiliza\u00e7\u00e3o preponderante de conhecimentos jur\u00eddicos, pelo per\u00edodo m\u00ednimo de 16 horas mensais e durante um ano.<\/p>\n\n\n\n<blockquote class=\"wp-block-quote is-layout-flow wp-block-quote-is-layout-flow\"><p><strong>Fases do Concurso<\/strong><\/p><\/blockquote>\n\n\n\n<p>A sele\u00e7\u00e3o compreender\u00e1 as seguintes fases: prova preambular, de car\u00e1ter eliminat\u00f3rio e classificat\u00f3rio; provas discursivas, de car\u00e1ter eliminat\u00f3rio e classificat\u00f3rio; sindic\u00e2ncia de vida pregressa; prova oral, de car\u00e1ter eliminat\u00f3rio e classificat\u00f3rio; prova de tribuna, de car\u00e1ter classificat\u00f3rio; e avalia\u00e7\u00e3o de t\u00edtulos, de car\u00e1ter classificat\u00f3rio. As duas primeiras ser\u00e3o de responsabilidade do Cebraspe, e as demais, de responsabilidade do MPSE.<\/p>\n\n\n\n<p>Todas as fases do concurso, a avalia\u00e7\u00e3o biopsicossocial dos candidatos que se inscreveram como pessoas com defici\u00eancia e o procedimento de verifica\u00e7\u00e3o da condi\u00e7\u00e3o declarada para concorrer \u00e0s vagas reservadas \u00e0s pessoas negras ser\u00e3o realizados na cidade de Aracaju\/SE.<\/p>\n\n\n\n<blockquote class=\"wp-block-quote is-layout-flow wp-block-quote-is-layout-flow\"><p><strong>Comiss\u00e3o<\/strong><\/p><\/blockquote>\n\n\n\n<p>A Comiss\u00e3o do Concurso \u00e9 composta pelos seguintes membros, conforme Portaria n\u00ba 1.854\/2021 (com as altera\u00e7\u00f5es propostas por meio das Portarias n\u00ba 1.932\/2021 e 2.054\/2021): o Procurador-Geral de Justi\u00e7a, Manoel Cabral Machado Neto (Presidente da Comiss\u00e3o); o Procurador de Justi\u00e7a Josenias Fran\u00e7a do Nascimento; o Promotor de Justi\u00e7a Newton Silveira Dias J\u00fanior; a Promotora de Justi\u00e7a Ver\u00f4nica de Oliveira Lazar; a Magistrada do TJSE, Dauqu\u00edria de Melo Ferreira; o Advogado da OAB\/SE, Aur\u00e9lio Bel\u00e9m do Esp\u00edrito Santo; e a Jurista e Membro da Academia Sergipana de Letras Jur\u00eddicas, Ad\u00e9lia Moreira Pessoa.<\/p>\n\n\n\n<p>Informa\u00e7\u00f5es gerais sobre a sele\u00e7\u00e3o e o cronograma previsto est\u00e3o dispon\u00edveis no Edital n\u00ba 01\/2022.<\/p>\n\n\n\n<p><strong><a href=\"https:\/\/www.mpse.mp.br\/wp-content\/uploads\/2022\/04\/Clique-aqui-e-confira-Edital-n.-01-2022-Concurso-Publico-Promotor-de-Justica-Substituto-MPSE.pdf\">Clique aqui e confira \u2013 Edital n. 01-2022<\/a><\/strong> \u2013 Concurso P\u00fablico Promotor de Justi\u00e7a Substituto MPSE.<\/p>\n\n\n\n<p><em>Quer receber as principais not\u00edcias do\u00a0<strong>SE Not\u00edcias<\/strong>\u00a0no seu\u00a0<strong>WhatsApp?<\/strong>\u00a0<strong><a href=\"https:\/\/api.whatsapp.com\/send?phone=5579991715289\">Clique aqui<\/a><\/strong>.<\/em><\/p>\n\n\n\n<p>Fonte: <strong><a href=\"https:\/\/www.mpse.mp.br\/index.php\/2022\/04\/20\/ministerio-publico-de-sergipe-lanca-edital-de-concurso-publico-para-o-cargo-de-promotor-de-justica\/\">site<\/a><\/strong> do MPESE<\/p>\n","protected":false},"excerpt":{"rendered":"<p>O Minist\u00e9rio P\u00fablico de Sergipe (MPSE) lan\u00e7ou nesta quarta-feira, 20, o Edital n\u00ba 01\/2022 do XXI Concurso P\u00fablico para o Provimento de Vagas e a Forma\u00e7\u00e3o de Cadastro Reserva no Cargo de Promotor de Justi\u00e7a Substituto. Ser\u00e3o disponibilizadas 05 vagas, distribu\u00eddas em: 03 para ampla concorr\u00eancia; 01 reservada para pessoas com defici\u00eancia; e 01 reservada [&hellip;]<\/p>\n","protected":false},"author":6557,"featured_media":0,"comment_status":"closed","ping_status":"closed","sticky":false,"template":"","format":"standard","meta":{"footnotes":""},"categories":[15,6,1],"tags":[36331,36332,2911],"class_list":{"0":"post-132302","1":"post","2":"type-post","3":"status-publish","4":"format-standard","6":"category-destaques","7":"category-politica","8":"category-sem-categoria","9":"tag-concurso-mpe","10":"tag-concurso-publico-para-o-cargo-de-promotor-de-justica","11":"tag-ministerio-publico-de-sergipe"},"_links":{"self":[{"href":"https:\/\/senoticias.com.br\/se\/wp-json\/wp\/v2\/posts\/132302"}],"collection":[{"href":"https:\/\/senoticias.com.br\/se\/wp-json\/wp\/v2\/posts"}],"about":[{"href":"https:\/\/senoticias.com.br\/se\/wp-json\/wp\/v2\/types\/post"}],"author":[{"embeddable":true,"href":"https:\/\/senoticias.com.br\/se\/wp-json\/wp\/v2\/users\/6557"}],"replies":[{"embeddable":true,"href":"https:\/\/senoticias.com.br\/se\/wp-json\/wp\/v2\/comments?post=132302"}],"version-history":[{"count":0,"href":"https:\/\/senoticias.com.br\/se\/wp-json\/wp\/v2\/posts\/132302\/revisions"}],"wp:attachment":[{"href":"https:\/\/senoticias.com.br\/se\/wp-json\/wp\/v2\/media?parent=132302"}],"wp:term":[{"taxonomy":"category","embeddable":true,"href":"https:\/\/senoticias.com.br\/se\/wp-json\/wp\/v2\/categories?post=132302"},{"taxonomy":"post_tag","embeddable":true,"href":"https:\/\/senoticias.com.br\/se\/wp-json\/wp\/v2\/tags?post=132302"}],"curies":[{"name":"wp","href":"https:\/\/api.w.org\/{rel}","templated":true}]}}