{"id":132301,"date":"2022-04-20T21:48:32","date_gmt":"2022-04-21T00:48:32","guid":{"rendered":"https:\/\/senoticias.com.br\/se\/?p=132301"},"modified":"2022-04-21T10:16:41","modified_gmt":"2022-04-21T13:16:41","slug":"tiradentes-veja-o-que-abre-e-o-que-fecha-em-sergipe-neste-feriado-de-21-de-abril-2","status":"publish","type":"post","link":"https:\/\/senoticias.com.br\/se\/tiradentes-veja-o-que-abre-e-o-que-fecha-em-sergipe-neste-feriado-de-21-de-abril-2\/","title":{"rendered":"Tiradentes: veja o que abre e o que fecha em Sergipe neste feriado de 21 de abril"},"content":{"rendered":"\n<p>Em virtude do feriado nacional de Tiradentes, nesta quinta-feira (21), o funcionamento do com\u00e9rcio e de servi\u00e7os ser\u00e1 alterado em Sergipe.<\/p>\n\n\n\n<figure class=\"wp-block-image size-large\"><img loading=\"lazy\" decoding=\"async\" width=\"576\" height=\"324\" src=\"https:\/\/senoticias.com.br\/se\/wp-content\/uploads\/2022\/02\/Shopping-Jardins-se-noticias.jpg\" alt=\"\" class=\"wp-image-131745\" srcset=\"https:\/\/senoticias.com.br\/se\/wp-content\/uploads\/2022\/02\/Shopping-Jardins-se-noticias.jpg 576w, https:\/\/senoticias.com.br\/se\/wp-content\/uploads\/2022\/02\/Shopping-Jardins-se-noticias-300x169.jpg 300w\" sizes=\"(max-width: 576px) 100vw, 576px\" \/><figcaption> Os \u00f3rg\u00e3os p\u00fablicos n\u00e3o ter\u00e3o expediente, com exce\u00e7\u00e3o daqueles considerados essenciais &#8211; Foto: arquivo\/Lotti e Caldas<\/figcaption><\/figure>\n\n\n\n<p>Os \u00f3rg\u00e3os p\u00fablicos n\u00e3o ter\u00e3o expediente, com exce\u00e7\u00e3o daqueles considerados essenciais, retomando integralmente os servi\u00e7os na sexta (22). Veja o que abre e do que fecha no estado:<\/p>\n\n\n\n<p><strong>Centro comercial<\/strong><br>As lojas do centro comercial de Aracaju e de demais munic\u00edpios est\u00e3o autorizadas a funcionar das 8h \u00e0s 14h, segundo a C\u00e2mara de Dirigentes Lojistas.<\/p>\n\n\n\n<p><strong>Supermercados<\/strong><br>Os estabelecimentos podem funcionar neste feriado, conforme defini\u00e7\u00e3o de cada rede.<\/p>\n\n\n\n<p><strong>Mercados e feiras livres<\/strong><br>Os mercados centrais Ant\u00f4nio Franco, Thales Ferraz e Virg\u00ednia Franco, assim como os setoriais (bairros), funcionam na quinta-feira das 6h \u00e0s 12h.<\/p>\n\n\n\n<p>As feiras livres dos bairros Santos Dumont (manh\u00e3) e Jabotiana (tarde) ir\u00e3o ocorrer normalmente.<\/p>\n\n\n\n<p><strong>Bancos<\/strong><br>Segundo a Federa\u00e7\u00e3o Brasileira de Bancos (Febraban), n\u00e3o haver\u00e1 atendimento nas ag\u00eancias banc\u00e1rias no dia 21 de abril. As \u00e1reas de autoatendimento ficar\u00e3o dispon\u00edveis para os clientes, assim como os canais digitais e remotos de atendimento (internet e mobile banking).<\/p>\n\n\n\n<p><strong>Correios<\/strong><br>Em Sergipe, apenas a Ag\u00eancia Distrito Industrial de Aracaju (DIA), localizada na Avenida Ad\u00e9lia Franco (bairro Luzia), na capital, estar\u00e1 aberta ao p\u00fablico na data, das 9h \u00e0s 17h. Na sexta-feira (22), toda a rede de ag\u00eancias abrir\u00e1 normalmente. J\u00e1 no s\u00e1bado (23), o funcionamento estar\u00e1 restrito \u00e0s ag\u00eancias franqueadas Augusto Franco, Desembargador Maynard e Santo Ant\u00f4nio, todas na capital.<\/p>\n\n\n\n<p><strong>INSS<\/strong><br>As ag\u00eancias do Instituto Nacional do Seguro Social estar\u00e3o fechadas na quinta, em virtude do feriado, e na sexta-feira, por causa do ponto facultativo federal.<\/p>\n\n\n\n<p>Segundo o \u00f3rg\u00e3o, os segurados que est\u00e3o marcados ter\u00e3o os atendimentos reagendados pelo Meu INSS ou pelo telefone 135. Se preferir, a pr\u00f3pria pessoa pode escolher nova data para atendimento. Para isto, basta acessar a plataforma Meu INSS (aplicativo ou site da internet), entrar com seu login e senha do Gov.br e clicar em &#8216;Consultar Pedidos&#8217; ou &#8216;Agendar Per\u00edcia&#8217;.<\/p>\n\n\n\n<p><strong>Shoppings<br>Jardins e Riomar (capital):<\/strong> pra\u00e7as de alimenta\u00e7\u00e3o, restaurantes e opera\u00e7\u00f5es de lazer abrem das 12h \u00e0s 21h. Demais lojas e quiosques funcionam das 14h \u00e0s 20h.<br><strong>Aracaju Parque (capital):<\/strong> no shopping, as opera\u00e7\u00f5es de alimenta\u00e7\u00e3o e entretenimento funcionam das 12h \u00e0s 22h; lojas e quiosques das 14h \u00e0s 20h; e o cinema, de acordo com a programa\u00e7\u00e3o da rede Centerplex.<br>Pr\u00eamio: o shopping funcionar\u00e1 em hor\u00e1rio de domingo: alimenta\u00e7\u00e3o das 12h \u00e0s 22h; e lojas e quiosques das 14h \u00e0s 20h.<br><strong>Peixoto (Itabaiana):<\/strong> o supermercado abre das 10h \u00e0s 21h; a pra\u00e7a de alimenta\u00e7\u00e3o das 12h \u00e0s 22h; lojas sat\u00e9lites e quiosques das 14h \u00e0s 20h e lojas \u00e2ncoras das 13h \u00e0s 21h. J\u00e1 o cinema funciona de acordo com a programa\u00e7\u00e3o da rede, e bancos, correspondentes e servi\u00e7os estaduais, como o Detran e Ceac, estar\u00e3o fechados.<br>Lazer<br><strong>Parque Ecol\u00f3gico Poxim:<\/strong> localizado no In\u00e1cio Barbosa, o parque funciona normalmente das 6h \u00e0s 18h.<br><strong>Parque Governador Augusto Franco (Sementeira):<\/strong> o parque, no Bairro Jardins, estar\u00e1 aberto ao p\u00fablico das 5h \u00e0s 21h30. A Casa de Ci\u00eancia e Tecnologia da Cidade de Aracaju Galileu Galilei n\u00e3o estar\u00e1 em funcionamento.<br><strong>Orla P\u00f4r do Sol:<\/strong> os servi\u00e7os de embarque e desembarque na orla, no Mosqueiro, ocorrer\u00e3o das 8h \u00e0s 17h.<br><strong>Chica Chaves:<\/strong> o espa\u00e7o localizado no Bairro Industrial abrir\u00e1 das 9h \u00e0s 16h.<\/p>\n\n\n\n<p><strong>Sa\u00fade<\/strong><br><strong>Hemose:<\/strong> O Centro de Hemoterapia de Sergipe n\u00e3o ter\u00e1 expediente na quinta, mas retoma os atendimentos na sexta, das 7h30 \u00e0s 17h.<\/p>\n\n\n\n<p>Em Aracaju, estar\u00e3o abertas para atendimento apenas as urg\u00eancias dos hospitais municipais Fernando Franco e Nestor Piva, com servi\u00e7o 24 horas (incluindo atendimento aos casos de s\u00edndromes gripais). O Centro de Triagem e Atendimento \u00e0 S\u00edndrome Gripal tamb\u00e9m funcionar\u00e1 normalmente na quinta-feira, das 7 \u00e0s 19 horas, com acolhimento at\u00e9 as 18h.<\/p>\n\n\n\n<p>A sede administrativa da Secretaria Municipal da Sa\u00fade estar\u00e1 fechada e na Rede de Aten\u00e7\u00e3o Prim\u00e1ria (Reap), as unidades b\u00e1sicas de Sa\u00fade estar\u00e3o fechadas. Todos os servi\u00e7os ser\u00e3o retomados na sexta-feira (20).<\/p>\n\n\n\n<p>O atendimento dos Centros de Aten\u00e7\u00e3o Psicossocial (Caps) segue porta aberta, entretanto, no feriado funcionar\u00e1 apenas o acolhimento noturno.<\/p>\n\n\n\n<p>O Centro de Especialidades M\u00e9dicas (Cemar Siqueira Campos) n\u00e3o funciona aos finais de semana e feriados. Desta forma, o servi\u00e7o retorna na sexta-feira (22), das 7h \u00e0s 18h.<\/p>\n\n\n\n<p><strong>Reparti\u00e7\u00f5es p\u00fablicas<\/strong><br>Nesta quinta-feira, quando se comemora o Dia de Tiradentes, os servi\u00e7os n\u00e3o essenciais \u00e0 popula\u00e7\u00e3o ter\u00e3o o funcionamento suspenso. J\u00e1 na sexta-feira (22), o servi\u00e7os ser\u00e3o realizados normalmente.<\/p>\n\n\n\n<p>Fonte: <strong>G1 <\/strong>SE<\/p>\n","protected":false},"excerpt":{"rendered":"<p>Em virtude do feriado nacional de Tiradentes, nesta quinta-feira (21), o funcionamento do com\u00e9rcio e de servi\u00e7os ser\u00e1 alterado em Sergipe. Os \u00f3rg\u00e3os p\u00fablicos n\u00e3o ter\u00e3o expediente, com exce\u00e7\u00e3o daqueles considerados essenciais, retomando integralmente os servi\u00e7os na sexta (22). Veja o que abre e do que fecha no estado: Centro comercialAs lojas do centro comercial [&hellip;]<\/p>\n","protected":false},"author":6557,"featured_media":0,"comment_status":"closed","ping_status":"closed","sticky":false,"template":"","format":"standard","meta":{"footnotes":""},"categories":[15,21],"tags":[36330,3099],"class_list":{"0":"post-132301","1":"post","2":"type-post","3":"status-publish","4":"format-standard","6":"category-destaques","7":"category-entretenimento","8":"tag-21-de-abril","9":"tag-feriado-de-tiradentes"},"_links":{"self":[{"href":"https:\/\/senoticias.com.br\/se\/wp-json\/wp\/v2\/posts\/132301"}],"collection":[{"href":"https:\/\/senoticias.com.br\/se\/wp-json\/wp\/v2\/posts"}],"about":[{"href":"https:\/\/senoticias.com.br\/se\/wp-json\/wp\/v2\/types\/post"}],"author":[{"embeddable":true,"href":"https:\/\/senoticias.com.br\/se\/wp-json\/wp\/v2\/users\/6557"}],"replies":[{"embeddable":true,"href":"https:\/\/senoticias.com.br\/se\/wp-json\/wp\/v2\/comments?post=132301"}],"version-history":[{"count":0,"href":"https:\/\/senoticias.com.br\/se\/wp-json\/wp\/v2\/posts\/132301\/revisions"}],"wp:attachment":[{"href":"https:\/\/senoticias.com.br\/se\/wp-json\/wp\/v2\/media?parent=132301"}],"wp:term":[{"taxonomy":"category","embeddable":true,"href":"https:\/\/senoticias.com.br\/se\/wp-json\/wp\/v2\/categories?post=132301"},{"taxonomy":"post_tag","embeddable":true,"href":"https:\/\/senoticias.com.br\/se\/wp-json\/wp\/v2\/tags?post=132301"}],"curies":[{"name":"wp","href":"https:\/\/api.w.org\/{rel}","templated":true}]}}