{"id":132298,"date":"2022-04-20T12:00:57","date_gmt":"2022-04-20T15:00:57","guid":{"rendered":"https:\/\/senoticias.com.br\/se\/?p=132298"},"modified":"2022-04-20T12:02:44","modified_gmt":"2022-04-20T15:02:44","slug":"reparticoes-publicas-estaduais-funcionarao-regularmente-nesta-sexta-feira-22","status":"publish","type":"post","link":"https:\/\/senoticias.com.br\/se\/reparticoes-publicas-estaduais-funcionarao-regularmente-nesta-sexta-feira-22\/","title":{"rendered":"Reparti\u00e7\u00f5es p\u00fablicas estaduais funcionar\u00e3o regularmente nesta sexta-feira, 22"},"content":{"rendered":"\n<p><\/p>\n\n\n\n<p>As reparti\u00e7\u00f5es e \u00f3rg\u00e3os estaduais da administra\u00e7\u00e3o direta e indireta funcionar\u00e3o regularmente nesta sexta-feira, 22. As atividades retornam ao normal logo ap\u00f3s o feriado nacional.<\/p>\n\n\n\n<figure class=\"wp-block-image size-large\"><img loading=\"lazy\" decoding=\"async\" width=\"591\" height=\"265\" src=\"https:\/\/senoticias.com.br\/se\/wp-content\/uploads\/2022\/04\/Expediente-normal-SE-Noticias.jpg\" alt=\"\" class=\"wp-image-132299\" srcset=\"https:\/\/senoticias.com.br\/se\/wp-content\/uploads\/2022\/04\/Expediente-normal-SE-Noticias.jpg 591w, https:\/\/senoticias.com.br\/se\/wp-content\/uploads\/2022\/04\/Expediente-normal-SE-Noticias-300x135.jpg 300w\" sizes=\"(max-width: 591px) 100vw, 591px\" \/><figcaption>Somente nesta quinta-feira, 21, feriado nacional, os servi\u00e7os n\u00e3o essenciais \u00e0 popula\u00e7\u00e3o ter\u00e3o funcionamento suspenso &#8211; Foto arte: Supec<\/figcaption><\/figure>\n\n\n\n<p>Somente nesta quinta-feira, 21, quando se comemora o Dia de Tiradentes, os servi\u00e7os n\u00e3o essenciais \u00e0 popula\u00e7\u00e3o ter\u00e3o funcionamento suspenso. Mesmo no feriado, os servi\u00e7os emergenciais do Estado, como Corpo de Bombeiros, Defesa Civil, pol\u00edcias Militar e Civil, o Samu 192 Sergipe, hospitais e demais unidades de sa\u00fade de urg\u00eancia estar\u00e3o de plant\u00e3o para atender as demandas da popula\u00e7\u00e3o.<\/p>\n\n\n\n<p><em>Quer receber as principais not\u00edcias do\u00a0<strong>SE Not\u00edcias<\/strong>\u00a0no seu\u00a0<strong>WhatsApp?<\/strong>\u00a0<strong><a href=\"https:\/\/api.whatsapp.com\/send?phone=5579991715289\">Clique aqui<\/a><\/strong>.<\/em><\/p>\n\n\n\n<p>Fonte: Ag\u00eancia Sergipe de Not\u00edcias<\/p>\n","protected":false},"excerpt":{"rendered":"<p>As reparti\u00e7\u00f5es e \u00f3rg\u00e3os estaduais da administra\u00e7\u00e3o direta e indireta funcionar\u00e3o regularmente nesta sexta-feira, 22. As atividades retornam ao normal logo ap\u00f3s o feriado nacional. Somente nesta quinta-feira, 21, quando se comemora o Dia de Tiradentes, os servi\u00e7os n\u00e3o essenciais \u00e0 popula\u00e7\u00e3o ter\u00e3o funcionamento suspenso. Mesmo no feriado, os servi\u00e7os emergenciais do Estado, como Corpo [&hellip;]<\/p>\n","protected":false},"author":6557,"featured_media":0,"comment_status":"closed","ping_status":"closed","sticky":false,"template":"","format":"standard","meta":{"footnotes":""},"categories":[15,6,1],"tags":[36330,36329,14664],"class_list":{"0":"post-132298","1":"post","2":"type-post","3":"status-publish","4":"format-standard","6":"category-destaques","7":"category-politica","8":"category-sem-categoria","9":"tag-21-de-abril","10":"tag-feriado-de-tirandentes","11":"tag-reparticoes-publicas"},"_links":{"self":[{"href":"https:\/\/senoticias.com.br\/se\/wp-json\/wp\/v2\/posts\/132298"}],"collection":[{"href":"https:\/\/senoticias.com.br\/se\/wp-json\/wp\/v2\/posts"}],"about":[{"href":"https:\/\/senoticias.com.br\/se\/wp-json\/wp\/v2\/types\/post"}],"author":[{"embeddable":true,"href":"https:\/\/senoticias.com.br\/se\/wp-json\/wp\/v2\/users\/6557"}],"replies":[{"embeddable":true,"href":"https:\/\/senoticias.com.br\/se\/wp-json\/wp\/v2\/comments?post=132298"}],"version-history":[{"count":0,"href":"https:\/\/senoticias.com.br\/se\/wp-json\/wp\/v2\/posts\/132298\/revisions"}],"wp:attachment":[{"href":"https:\/\/senoticias.com.br\/se\/wp-json\/wp\/v2\/media?parent=132298"}],"wp:term":[{"taxonomy":"category","embeddable":true,"href":"https:\/\/senoticias.com.br\/se\/wp-json\/wp\/v2\/categories?post=132298"},{"taxonomy":"post_tag","embeddable":true,"href":"https:\/\/senoticias.com.br\/se\/wp-json\/wp\/v2\/tags?post=132298"}],"curies":[{"name":"wp","href":"https:\/\/api.w.org\/{rel}","templated":true}]}}