{"id":132296,"date":"2022-04-20T10:01:53","date_gmt":"2022-04-20T13:01:53","guid":{"rendered":"https:\/\/senoticias.com.br\/se\/?p=132296"},"modified":"2022-04-21T10:15:14","modified_gmt":"2022-04-21T13:15:14","slug":"procon-se-fiscaliza-supermercados-na-capital-e-interior","status":"publish","type":"post","link":"https:\/\/senoticias.com.br\/se\/procon-se-fiscaliza-supermercados-na-capital-e-interior\/","title":{"rendered":"Procon\/SE fiscaliza supermercados na capital e interior"},"content":{"rendered":"\n<p>O Procon\/SE esteve em fiscaliza\u00e7\u00e3o de supermercados da rede Gbarbosa nos \u00faltimos dias. O objetivo da a\u00e7\u00e3o foi o de verificar a visibilidade dos pre\u00e7os conforme preconiza o C\u00f3digo de Defesa do Consumidor (CDC).<\/p>\n\n\n\n<figure class=\"wp-block-image size-large\"><img loading=\"lazy\" decoding=\"async\" width=\"576\" height=\"1024\" src=\"https:\/\/senoticias.com.br\/se\/wp-content\/uploads\/2022\/04\/procon-senoticias.jpg\" alt=\"\" class=\"wp-image-132297\" srcset=\"https:\/\/senoticias.com.br\/se\/wp-content\/uploads\/2022\/04\/procon-senoticias.jpg 576w, https:\/\/senoticias.com.br\/se\/wp-content\/uploads\/2022\/04\/procon-senoticias-169x300.jpg 169w\" sizes=\"(max-width: 576px) 100vw, 576px\" \/><figcaption>O objetivo da a\u00e7\u00e3o foi o de verificar a visibilidade dos pre\u00e7os conforme preconiza o C\u00f3digo de Defesa do Consumidor  &#8211; Foto: Procon SE<\/figcaption><\/figure>\n\n\n\n<p>As equipes estiveram em diversos supermercados da rede GBarbosa. Na fiscaliza\u00e7\u00e3o, n\u00e3o foram encontradas irregularidades, estando os pre\u00e7os vis\u00edveis aos consumidores em conformidade com as diretrizes de prote\u00e7\u00e3o ao consumidor.<\/p>\n\n\n\n<p>Os fiscais tamb\u00e9m foram a uma unidade da rede de supermercados nas cidades de Itabaiana, Lagarto, Po\u00e7o Verde, Sim\u00e3o Dias e Boquim. Assim como nas lojas da capital, n\u00e3o foram identificadas irregularidades. Os pre\u00e7os estavam vis\u00edveis, assim como as formas de pagamento.<\/p>\n\n\n\n<p>As fiscaliza\u00e7\u00f5es ir\u00e3o seguir com novas a\u00e7\u00f5es em breve, continuando o trabalho que o Procon\/SE tem desempenhado de garantir a prote\u00e7\u00e3o aos direitos do consumidor.<\/p>\n\n\n\n<p><em>Quer receber as principais not\u00edcias do&nbsp;<strong>SE Not\u00edcias<\/strong>&nbsp;no seu&nbsp;<strong>WhatsApp?<\/strong>&nbsp;<strong><a href=\"https:\/\/api.whatsapp.com\/send?phone=5579991715289\">Clique aqui<\/a><\/strong>.<\/em><\/p>\n\n\n\n<p>Fonte: Procon SE<\/p>\n","protected":false},"excerpt":{"rendered":"<p>O Procon\/SE esteve em fiscaliza\u00e7\u00e3o de supermercados da rede Gbarbosa nos \u00faltimos dias. O objetivo da a\u00e7\u00e3o foi o de verificar a visibilidade dos pre\u00e7os conforme preconiza o C\u00f3digo de Defesa do Consumidor (CDC). As equipes estiveram em diversos supermercados da rede GBarbosa. Na fiscaliza\u00e7\u00e3o, n\u00e3o foram encontradas irregularidades, estando os pre\u00e7os vis\u00edveis aos consumidores [&hellip;]<\/p>\n","protected":false},"author":6557,"featured_media":0,"comment_status":"closed","ping_status":"closed","sticky":false,"template":"","format":"standard","meta":{"footnotes":""},"categories":[15,6],"tags":[36328,36327,36326],"class_list":{"0":"post-132296","1":"post","2":"type-post","3":"status-publish","4":"format-standard","6":"category-destaques","7":"category-politica","8":"tag-cdc","9":"tag-fiscalizacao-de-supermercados","10":"tag-procon-se"},"_links":{"self":[{"href":"https:\/\/senoticias.com.br\/se\/wp-json\/wp\/v2\/posts\/132296"}],"collection":[{"href":"https:\/\/senoticias.com.br\/se\/wp-json\/wp\/v2\/posts"}],"about":[{"href":"https:\/\/senoticias.com.br\/se\/wp-json\/wp\/v2\/types\/post"}],"author":[{"embeddable":true,"href":"https:\/\/senoticias.com.br\/se\/wp-json\/wp\/v2\/users\/6557"}],"replies":[{"embeddable":true,"href":"https:\/\/senoticias.com.br\/se\/wp-json\/wp\/v2\/comments?post=132296"}],"version-history":[{"count":0,"href":"https:\/\/senoticias.com.br\/se\/wp-json\/wp\/v2\/posts\/132296\/revisions"}],"wp:attachment":[{"href":"https:\/\/senoticias.com.br\/se\/wp-json\/wp\/v2\/media?parent=132296"}],"wp:term":[{"taxonomy":"category","embeddable":true,"href":"https:\/\/senoticias.com.br\/se\/wp-json\/wp\/v2\/categories?post=132296"},{"taxonomy":"post_tag","embeddable":true,"href":"https:\/\/senoticias.com.br\/se\/wp-json\/wp\/v2\/tags?post=132296"}],"curies":[{"name":"wp","href":"https:\/\/api.w.org\/{rel}","templated":true}]}}