{"id":132259,"date":"2022-04-18T11:40:03","date_gmt":"2022-04-18T14:40:03","guid":{"rendered":"https:\/\/senoticias.com.br\/se\/?p=132259"},"modified":"2022-04-18T11:40:03","modified_gmt":"2022-04-18T14:40:03","slug":"dhpp-prende-pela-segunda-vez-suspeito-de-matar-jovem-com-tiro-na-cabeca-em-aracaju","status":"publish","type":"post","link":"https:\/\/senoticias.com.br\/se\/dhpp-prende-pela-segunda-vez-suspeito-de-matar-jovem-com-tiro-na-cabeca-em-aracaju\/","title":{"rendered":"DHPP prende pela segunda vez suspeito de matar jovem com tiro na cabe\u00e7a em Aracaju"},"content":{"rendered":"\n<p>Policiais civis do Departamento de Homic\u00eddios e Prote\u00e7\u00e3o \u00e0 Pessoa (DHPP) cumpriram na \u00faltima sexta-feira (15), um mandado de pris\u00e3o preventiva contra \u00c2ngelo de Castro Pacheco, 24 anos, pelo crime de homic\u00eddio. A informa\u00e7\u00e3o foi divulgada nesta segunda-feira (18).<\/p>\n\n\n\n<figure class=\"wp-block-image size-large is-resized\"><img loading=\"lazy\" decoding=\"async\" src=\"https:\/\/senoticias.com.br\/se\/wp-content\/uploads\/2022\/04\/Policia-Civil-SE-Noticias.jpeg\" alt=\"\" class=\"wp-image-132125\" width=\"550\" height=\"330\" srcset=\"https:\/\/senoticias.com.br\/se\/wp-content\/uploads\/2022\/04\/Policia-Civil-SE-Noticias.jpeg 550w, https:\/\/senoticias.com.br\/se\/wp-content\/uploads\/2022\/04\/Policia-Civil-SE-Noticias-300x180.jpeg 300w\" sizes=\"(max-width: 550px) 100vw, 550px\" \/><figcaption>\nCrime aconteceu em setembro de 2021, no Bairro Industrial. Suspeito j\u00e1 havia sido preso em outubro do mesmo ano\n<\/figcaption><\/figure>\n\n\n\n<p>De acordo com as informa\u00e7\u00f5es policiais, ap\u00f3s ser preso temporariamente no dia 19 de outubro de 2021, \u00c2ngelo foi solto no curso da investiga\u00e7\u00e3o que o apontou como autor dos disparos que, no dia 19 de setembro do mesmo ano, tirou a vida de Daniel Santos de Oliveira, 21 anos, na Avenida General Calazans, Bairro Industrial, embaixo da Ponte Aracaju-Barra dos Coqueiros.<\/p>\n\n\n\n<p>A pol\u00edcia apurou que a v\u00edtima estava numa festa nas proximidades, quando esbarrou contra o suspeito e provocou uma briga entre ambos. Durante o confronto, enquanto estava no ch\u00e3o, Daniel foi atingido por um disparo de arma de fogo na cabe\u00e7a efetuado por \u00c2ngelo. A v\u00edtima n\u00e3o resistiu aos ferimentos e veio a \u00f3bito.<\/p>\n\n\n\n<p><em>Quer receber as principais not\u00edcias do&nbsp;<strong>SE Not\u00edcias<\/strong>&nbsp;no seu&nbsp;<strong>WhatsApp?<\/strong>&nbsp;<strong><a href=\"https:\/\/api.whatsapp.com\/send?phone=5579991715289\">Clique aqui<\/a><\/strong>.<\/em><\/p>\n\n\n\n<p>Fonte: SSP\/SE<\/p>\n","protected":false},"excerpt":{"rendered":"<p>Policiais civis do Departamento de Homic\u00eddios e Prote\u00e7\u00e3o \u00e0 Pessoa (DHPP) cumpriram na \u00faltima sexta-feira (15), um mandado de pris\u00e3o preventiva contra \u00c2ngelo de Castro Pacheco, 24 anos, pelo crime de homic\u00eddio. A informa\u00e7\u00e3o foi divulgada nesta segunda-feira (18). De acordo com as informa\u00e7\u00f5es policiais, ap\u00f3s ser preso temporariamente no dia 19 de outubro de [&hellip;]<\/p>\n","protected":false},"author":6557,"featured_media":0,"comment_status":"closed","ping_status":"closed","sticky":false,"template":"","format":"standard","meta":{"footnotes":""},"categories":[15,7],"tags":[312,2621,36308],"class_list":{"0":"post-132259","1":"post","2":"type-post","3":"status-publish","4":"format-standard","6":"category-destaques","7":"category-policia","8":"tag-assassinato","9":"tag-dhpp","10":"tag-tiro-na-cabeca"},"_links":{"self":[{"href":"https:\/\/senoticias.com.br\/se\/wp-json\/wp\/v2\/posts\/132259"}],"collection":[{"href":"https:\/\/senoticias.com.br\/se\/wp-json\/wp\/v2\/posts"}],"about":[{"href":"https:\/\/senoticias.com.br\/se\/wp-json\/wp\/v2\/types\/post"}],"author":[{"embeddable":true,"href":"https:\/\/senoticias.com.br\/se\/wp-json\/wp\/v2\/users\/6557"}],"replies":[{"embeddable":true,"href":"https:\/\/senoticias.com.br\/se\/wp-json\/wp\/v2\/comments?post=132259"}],"version-history":[{"count":0,"href":"https:\/\/senoticias.com.br\/se\/wp-json\/wp\/v2\/posts\/132259\/revisions"}],"wp:attachment":[{"href":"https:\/\/senoticias.com.br\/se\/wp-json\/wp\/v2\/media?parent=132259"}],"wp:term":[{"taxonomy":"category","embeddable":true,"href":"https:\/\/senoticias.com.br\/se\/wp-json\/wp\/v2\/categories?post=132259"},{"taxonomy":"post_tag","embeddable":true,"href":"https:\/\/senoticias.com.br\/se\/wp-json\/wp\/v2\/tags?post=132259"}],"curies":[{"name":"wp","href":"https:\/\/api.w.org\/{rel}","templated":true}]}}