{"id":132250,"date":"2022-04-14T14:34:21","date_gmt":"2022-04-14T17:34:21","guid":{"rendered":"https:\/\/senoticias.com.br\/se\/?p=132250"},"modified":"2022-04-14T14:46:13","modified_gmt":"2022-04-14T17:46:13","slug":"sermao-do-monte-2022-acontece-nesta-sexta-feira-santa","status":"publish","type":"post","link":"https:\/\/senoticias.com.br\/se\/sermao-do-monte-2022-acontece-nesta-sexta-feira-santa\/","title":{"rendered":"Serm\u00e3o do Monte 2022 acontece nesta Sexta-feira Santa"},"content":{"rendered":"\n<p><\/p>\n\n\n\n<p>Com o tema As 7 Palavras da Cruz, o Serm\u00e3o do Monte 2022 ser\u00e1 realizado nesta sexta-feira, dia 15 de abril, em todas as Igrejas do Evangelho Quadrangular de Sergipe, em hor\u00e1rio especial: \u00e0s 9h da manh\u00e3. A Semana Santa sergipana ao longo dos anos tem sido marcada com a realiza\u00e7\u00e3o do Serm\u00e3o do Monte desde 1998 &#8211; evento que faz refer\u00eancia \u00e0 Sexta-feira Santa da Paix\u00e3o de Cristo, sempre com uma mensagem de esperan\u00e7a, com uma programa\u00e7\u00e3o para toda fam\u00edlia e que se tornou Patrim\u00f4nio Imaterial e Cultural do Estado.<\/p>\n\n\n\n<figure class=\"wp-block-image size-large\"><img decoding=\"async\" src=\"https:\/\/senoticias.com.br\/se\/wp-content\/uploads\/2022\/04\/Sermao-do-Monte-SE-noticias.jpg\" alt=\"\" class=\"wp-image-132251\"\/><\/figure>\n\n\n\n<p>Em sua 24\u00aa edi\u00e7\u00e3o, sendo 23 presenciais consecutivas, com a concentra\u00e7\u00e3o de grande p\u00fablico, e uma virtual devido \u00e0 pandemia, o Serm\u00e3o do Monte este ano ser\u00e1 realizado em formato excepcional: com cultos simult\u00e2neos em todas as IEQ\u2019s de Sergipe. A iniciativa se deu ainda em fevereiro em virtude das incertezas na pandemia quanto \u00e0s possibilidades de retomada da realiza\u00e7\u00e3o de eventos sem limita\u00e7\u00e3o de p\u00fablico.<\/p>\n\n\n\n<p>Cada uma das 115 igrejas espalhadas pelo territ\u00f3rio sergipano j\u00e1 est\u00e3o na expectativa de realizar um Serm\u00e3o do Monte especial com programa\u00e7\u00e3o diversa, que envolve encena\u00e7\u00e3o de pe\u00e7as como A Paix\u00e3o de Cristo, apresenta\u00e7\u00f5es de dan\u00e7a, louvor e a ministra\u00e7\u00e3o da Palavra. Mais uma vez, essa celebra\u00e7\u00e3o que remete \u00e0 morte e ressurrei\u00e7\u00e3o de Cristo, nos trazendo salva\u00e7\u00e3o, ir\u00e1 gerar uma nova emo\u00e7\u00e3o no cora\u00e7\u00e3o daqueles que estar\u00e3o participando, cada um do seu bairro ou cidade, unidos em um mesmo prop\u00f3sito de f\u00e9.<\/p>\n\n\n\n<p><em>Quer receber as principais not\u00edcias do\u00a0<strong>SE Not\u00edcias<\/strong>\u00a0no seu\u00a0<strong>WhatsApp?<\/strong>\u00a0<strong><a href=\"https:\/\/api.whatsapp.com\/send?phone=5579991715289\">Clique aqui<\/a><\/strong>.<\/em><\/p>\n\n\n\n<p>Fonte: ascom\/IEQ<\/p>\n","protected":false},"excerpt":{"rendered":"<p>Com o tema As 7 Palavras da Cruz, o Serm\u00e3o do Monte 2022 ser\u00e1 realizado nesta sexta-feira, dia 15 de abril, em todas as Igrejas do Evangelho Quadrangular de Sergipe, em hor\u00e1rio especial: \u00e0s 9h da manh\u00e3. A Semana Santa sergipana ao longo dos anos tem sido marcada com a realiza\u00e7\u00e3o do Serm\u00e3o do Monte [&hellip;]<\/p>\n","protected":false},"author":6557,"featured_media":0,"comment_status":"closed","ping_status":"closed","sticky":false,"template":"","format":"standard","meta":{"footnotes":""},"categories":[15,46,1],"tags":[36301,36299,36302,36300,476,2761,36298],"class_list":{"0":"post-132250","1":"post","2":"type-post","3":"status-publish","4":"format-standard","6":"category-destaques","7":"category-religiao","8":"category-sem-categoria","9":"tag-24a-edicao-do-sermao-do-monte","10":"tag-as-7-palavras-da-cruz","11":"tag-ieqs-de-sergipe","12":"tag-igreja-do-evangelho-quadrangular-de-sergipe","13":"tag-paixao-de-cristo","14":"tag-semana-santa","15":"tag-sermao-do-monte-2022"},"_links":{"self":[{"href":"https:\/\/senoticias.com.br\/se\/wp-json\/wp\/v2\/posts\/132250"}],"collection":[{"href":"https:\/\/senoticias.com.br\/se\/wp-json\/wp\/v2\/posts"}],"about":[{"href":"https:\/\/senoticias.com.br\/se\/wp-json\/wp\/v2\/types\/post"}],"author":[{"embeddable":true,"href":"https:\/\/senoticias.com.br\/se\/wp-json\/wp\/v2\/users\/6557"}],"replies":[{"embeddable":true,"href":"https:\/\/senoticias.com.br\/se\/wp-json\/wp\/v2\/comments?post=132250"}],"version-history":[{"count":0,"href":"https:\/\/senoticias.com.br\/se\/wp-json\/wp\/v2\/posts\/132250\/revisions"}],"wp:attachment":[{"href":"https:\/\/senoticias.com.br\/se\/wp-json\/wp\/v2\/media?parent=132250"}],"wp:term":[{"taxonomy":"category","embeddable":true,"href":"https:\/\/senoticias.com.br\/se\/wp-json\/wp\/v2\/categories?post=132250"},{"taxonomy":"post_tag","embeddable":true,"href":"https:\/\/senoticias.com.br\/se\/wp-json\/wp\/v2\/tags?post=132250"}],"curies":[{"name":"wp","href":"https:\/\/api.w.org\/{rel}","templated":true}]}}