{"id":132105,"date":"2022-03-31T11:08:35","date_gmt":"2022-03-31T14:08:35","guid":{"rendered":"https:\/\/senoticias.com.br\/se\/?p=132105"},"modified":"2022-04-04T10:46:12","modified_gmt":"2022-04-04T13:46:12","slug":"secretaria-de-estado-da-saude-divulga-calendario-de-vacinacao-contra-a-influenza-a-h1n1-e-h3n2","status":"publish","type":"post","link":"https:\/\/senoticias.com.br\/se\/secretaria-de-estado-da-saude-divulga-calendario-de-vacinacao-contra-a-influenza-a-h1n1-e-h3n2\/","title":{"rendered":"Vacina\u00e7\u00e3o contra a Influenza inicia nesta segunda para trabalhadores da sa\u00fade e idosos"},"content":{"rendered":"\n<p>O calend\u00e1rio de <strong>vacina\u00e7\u00e3o da<\/strong> <strong>24\u00aa campanha nacional <\/strong>contra a gripe Influenza j\u00e1 foi definido pela Secretaria de Estado da Sa\u00fade (SES), ser\u00e3o duas etapas que foram delimitadas pelo Minist\u00e9rio da Sa\u00fade e contemplam diversos grupos priorit\u00e1rios. A vacina que ser\u00e1 aplicada \u00e9<strong> trivalente<\/strong>, ou seja, protege contra os v\u00edrus <strong>H1N1, H3N2 e a influenza A<\/strong>.<\/p>\n\n\n\n<p>\u201cEm Sergipe, a partir partir desta segunda-feira (4),<strong> de abril<\/strong>, daremos in\u00edcio \u00e0 campanha vacinando <strong>dois grupos<\/strong> priorit\u00e1rios: <strong>trabalhadores da Sa\u00fade, que tamb\u00e9m ter\u00e3o a vacina do sarampo atualizada e idosos com faixa et\u00e1ria de 60 anos e mais<\/strong>. Al\u00e9m disso, a SES vai promover em <strong>30 de abril, o dia \u2018D\u2019 de imuniza\u00e7\u00e3o para refor\u00e7ar a vacina\u00e7\u00e3o desses dois grupos priorit\u00e1rios<\/strong>\u201d, explica a Gerente Estadual do Programa de Imuniza\u00e7\u00e3o, S\u00e2ndala Oliveira.<\/p>\n\n\n\n<p>A SES refor\u00e7a que, mesmo quem j\u00e1 se vacinou na \u00faltima campanha, precisar\u00e1 tomar a vacina novamente, pois h\u00e1 uma atualiza\u00e7\u00e3o anual do imunizante. \u201cA vacina \u00e9 produzida em cima dos v\u00edrus de maior circula\u00e7\u00e3o, ent\u00e3o, \u00e9 preciso atualizar o esquema todos os anos tomando uma nova dose da influenza\u201d, complementa a gerente.<\/p>\n\n\n\n<p>A segunda etapa acontecer\u00e1 entre<strong> 03 de maio e 03 de junho<\/strong> com os demais grupos priorit\u00e1rios: <strong>crian\u00e7as de 06 meses a menor de 5 anos de idade, gestantes, pu\u00e9rperas, popula\u00e7\u00e3o ind\u00edgena, professores, pessoas com comorbidades, pessoas com defici\u00eancia, caminhoneiros, trabalhadores do transporte coletivo rodovi\u00e1rios, trabalhadores portu\u00e1rios, for\u00e7as de seguran\u00e7a e salvamento, for\u00e7as armadas, funcion\u00e1rios do sistema prisional e a popula\u00e7\u00e3o privada de liberdade<\/strong>. As crian\u00e7as nesta etapa receber\u00e3o ainda a vacina contra o sarampo.<\/p>\n\n\n\n<figure class=\"wp-block-image size-large\"><img loading=\"lazy\" decoding=\"async\" width=\"574\" height=\"406\" src=\"https:\/\/senoticias.com.br\/se\/wp-content\/uploads\/2022\/03\/Vacina-gripe-SE-Noticias.jpg\" alt=\"\" class=\"wp-image-132106\" srcset=\"https:\/\/senoticias.com.br\/se\/wp-content\/uploads\/2022\/03\/Vacina-gripe-SE-Noticias.jpg 574w, https:\/\/senoticias.com.br\/se\/wp-content\/uploads\/2022\/03\/Vacina-gripe-SE-Noticias-300x212.jpg 300w\" sizes=\"(max-width: 574px) 100vw, 574px\" \/><figcaption>A vacina que ser\u00e1 aplicada \u00e9 trivalente, ou seja, protege contra os v\u00edrus H1N1, H3N2 e a influenza A &#8211; Foto: Fl\u00e1via Pacheco\/SES<\/figcaption><\/figure>\n\n\n\n<p>De acordo com S\u00e2ndala, \u00e9 fundamental que todos atualizem o esquema vacinal e se protejam contra os v\u00edrus da gripe influenza que est\u00e3o em maior circula\u00e7\u00e3o no pa\u00eds, sobretudo, com a proximidade do per\u00edodo sazonal da doen\u00e7a. \u201cO per\u00edodo de chuvas se aproxima e com ele os v\u00edrus relacionados \u00e0 Influenza. Ent\u00e3o, quanto mais cedo os grupos priorit\u00e1rios procurarem a unidade de sa\u00fade para serem vacinados, mais cedo estaremos imunizados. Sendo assim, antecipe a vacina, n\u00e3o deixe para ir no final do per\u00edodo da campanha, somente assim, poderemos diminuir a circula\u00e7\u00e3o destes v\u00edrus. Quando as pessoas est\u00e3o vacinadas a transmiss\u00e3o diminui, por isso, \u00e9 importante que as pessoas tenham consci\u00eancia de que s\u00e3o muitos v\u00edrus gripais e a vacina atua naqueles que est\u00e3o em maior circula\u00e7\u00e3o no pa\u00eds\u201d, ratifica.<\/p>\n\n\n\n<p>A Secretaria de Estado da Sa\u00fade recebeu um percentual de vacinas que j\u00e1 foi repassado aos munic\u00edpios e, semanalmente, o Minist\u00e9rio da Sa\u00fade repassa um quantitativo de doses para fortalecer a campanha contra a Influenza em Sergipe.<\/p>\n\n\n\n<p><em>Quer receber as principais not\u00edcias do&nbsp;<strong>SE Not\u00edcias<\/strong>&nbsp;no seu&nbsp;<strong>WhatsApp?<\/strong>&nbsp;<strong><a href=\"https:\/\/api.whatsapp.com\/send?phone=5579991715289\">Clique aqui<\/a><\/strong>.<\/em><\/p>\n\n\n\n<p>Fonte: Secretaria de Estado da Sa\u00fade<\/p>\n","protected":false},"excerpt":{"rendered":"<p>O calend\u00e1rio de vacina\u00e7\u00e3o da 24\u00aa campanha nacional contra a gripe Influenza j\u00e1 foi definido pela Secretaria de Estado da Sa\u00fade (SES), ser\u00e3o duas etapas que foram delimitadas pelo Minist\u00e9rio da Sa\u00fade e contemplam diversos grupos priorit\u00e1rios. A vacina que ser\u00e1 aplicada \u00e9 trivalente, ou seja, protege contra os v\u00edrus H1N1, H3N2 e a influenza [&hellip;]<\/p>\n","protected":false},"author":6557,"featured_media":0,"comment_status":"closed","ping_status":"closed","sticky":false,"template":"","format":"standard","meta":{"footnotes":""},"categories":[15,6],"tags":[36217,36216,36218,10065,36215],"class_list":{"0":"post-132105","1":"post","2":"type-post","3":"status-publish","4":"format-standard","6":"category-destaques","7":"category-politica","8":"tag-grupos-prioritarios","9":"tag-influenza-a","10":"tag-vacina-gripe","11":"tag-virus-h1n1","12":"tag-virus-h3n2"},"_links":{"self":[{"href":"https:\/\/senoticias.com.br\/se\/wp-json\/wp\/v2\/posts\/132105"}],"collection":[{"href":"https:\/\/senoticias.com.br\/se\/wp-json\/wp\/v2\/posts"}],"about":[{"href":"https:\/\/senoticias.com.br\/se\/wp-json\/wp\/v2\/types\/post"}],"author":[{"embeddable":true,"href":"https:\/\/senoticias.com.br\/se\/wp-json\/wp\/v2\/users\/6557"}],"replies":[{"embeddable":true,"href":"https:\/\/senoticias.com.br\/se\/wp-json\/wp\/v2\/comments?post=132105"}],"version-history":[{"count":0,"href":"https:\/\/senoticias.com.br\/se\/wp-json\/wp\/v2\/posts\/132105\/revisions"}],"wp:attachment":[{"href":"https:\/\/senoticias.com.br\/se\/wp-json\/wp\/v2\/media?parent=132105"}],"wp:term":[{"taxonomy":"category","embeddable":true,"href":"https:\/\/senoticias.com.br\/se\/wp-json\/wp\/v2\/categories?post=132105"},{"taxonomy":"post_tag","embeddable":true,"href":"https:\/\/senoticias.com.br\/se\/wp-json\/wp\/v2\/tags?post=132105"}],"curies":[{"name":"wp","href":"https:\/\/api.w.org\/{rel}","templated":true}]}}