{"id":132101,"date":"2022-03-30T20:23:37","date_gmt":"2022-03-30T23:23:37","guid":{"rendered":"https:\/\/senoticias.com.br\/se\/?p=132101"},"modified":"2022-03-30T20:25:44","modified_gmt":"2022-03-30T23:25:44","slug":"policial-penal-e-preso-suspeito-de-permitir-entrada-de-drogas-e-dinheiro-no-presidio-de-sao-cristovao","status":"publish","type":"post","link":"https:\/\/senoticias.com.br\/se\/policial-penal-e-preso-suspeito-de-permitir-entrada-de-drogas-e-dinheiro-no-presidio-de-sao-cristovao\/","title":{"rendered":"Policial penal \u00e9 preso suspeito de permitir entrada de drogas e dinheiro no Pres\u00eddio de S\u00e3o Crist\u00f3v\u00e3o"},"content":{"rendered":"\n<p>O Departamento de Narc\u00f3ticos (Denarc), da Pol\u00edcia Civil de Sergipe, com o apoio da Secretaria da Justi\u00e7a, do Trabalho e da Defesa do Consumidor (Sejuc), deu cumprimento ao mandado de pris\u00e3o de um policial penal investigado por tentativa de entrega de celulares a internos do Complexo Penitenci\u00e1rio Manoel Carvalho Neto (Copemcan). A a\u00e7\u00e3o policial ocorreu nesta quarta-feira (30).<\/p>\n\n\n\n<figure class=\"wp-block-image size-large\"><img loading=\"lazy\" decoding=\"async\" width=\"592\" height=\"360\" src=\"https:\/\/senoticias.com.br\/se\/wp-content\/uploads\/2022\/03\/Policial-Penal-SE-Noticias.jpg\" alt=\"\" class=\"wp-image-132102\" srcset=\"https:\/\/senoticias.com.br\/se\/wp-content\/uploads\/2022\/03\/Policial-Penal-SE-Noticias.jpg 592w, https:\/\/senoticias.com.br\/se\/wp-content\/uploads\/2022\/03\/Policial-Penal-SE-Noticias-300x182.jpg 300w\" sizes=\"(max-width: 592px) 100vw, 592px\" \/><figcaption>As investiga\u00e7\u00f5es apontam, inclusive, que ele recebia mais de dois mil reais por aparelho &#8211; Foto: SSP\/SE<\/figcaption><\/figure>\n\n\n\n<p>De acordo com a delegada Brenda Souza, o servidor estava sendo investigado desde outubro do ano passado. &#8220;Este ano recebemos mais den\u00fancias. E fomos investigar a fundo. Com o que reunimos, conseguimos pedir a pris\u00e3o preventiva dele bem como um mandado de busca e apreens\u00e3o&#8221;, detalhou.<\/p>\n\n\n\n<p>Com o mandado de busca e apreens\u00e3o, conforme mencionou a delegada, foram apreendidos diversos carregadores de celular, diversos celulares e chips&#8221;, acrescentou.<\/p>\n\n\n\n<p>Ainda segundo a delegada, a arma do servidor n\u00e3o foi encontrada e ele alega que o armamento teria sido furtado. O servidor j\u00e1 tinha sido detido em flagrante no dia 14 de mar\u00e7o, onde foi lavrado um termo circunstanciado de ocorr\u00eancia.<\/p>\n\n\n\n<p>&#8220;Os crimes pelos quais ele est\u00e1 sendo investigado s\u00e3o o de prevarica\u00e7\u00e3o impr\u00f3pria, que seria a entrada celular no pres\u00eddio, corrup\u00e7\u00e3o passiva, porque ele recebia dinheiro por conta desses celulares, e o tr\u00e1fico de drogas porque ele tamb\u00e9m vendia entorpecentes&#8221;, pontuou Brenda Souza.<\/p>\n\n\n\n<p><em>Quer receber as principais not\u00edcias do\u00a0<strong>SE Not\u00edcias<\/strong>\u00a0no seu\u00a0<strong>WhatsApp?<\/strong>\u00a0<strong><a href=\"https:\/\/api.whatsapp.com\/send?phone=5579991715289\">Clique aqui<\/a><\/strong>.<\/em><\/p>\n\n\n\n<p>Fonte: SSP\/SE<\/p>\n","protected":false},"excerpt":{"rendered":"<p>O Departamento de Narc\u00f3ticos (Denarc), da Pol\u00edcia Civil de Sergipe, com o apoio da Secretaria da Justi\u00e7a, do Trabalho e da Defesa do Consumidor (Sejuc), deu cumprimento ao mandado de pris\u00e3o de um policial penal investigado por tentativa de entrega de celulares a internos do Complexo Penitenci\u00e1rio Manoel Carvalho Neto (Copemcan). A a\u00e7\u00e3o policial ocorreu [&hellip;]<\/p>\n","protected":false},"author":6557,"featured_media":0,"comment_status":"closed","ping_status":"closed","sticky":false,"template":"","format":"standard","meta":{"footnotes":""},"categories":[15,7],"tags":[16397,36212,36213],"class_list":{"0":"post-132101","1":"post","2":"type-post","3":"status-publish","4":"format-standard","6":"category-destaques","7":"category-policia","8":"tag-policial-penal","9":"tag-policial-penal-preso","10":"tag-presidio-de-sao-cristovao-2"},"_links":{"self":[{"href":"https:\/\/senoticias.com.br\/se\/wp-json\/wp\/v2\/posts\/132101"}],"collection":[{"href":"https:\/\/senoticias.com.br\/se\/wp-json\/wp\/v2\/posts"}],"about":[{"href":"https:\/\/senoticias.com.br\/se\/wp-json\/wp\/v2\/types\/post"}],"author":[{"embeddable":true,"href":"https:\/\/senoticias.com.br\/se\/wp-json\/wp\/v2\/users\/6557"}],"replies":[{"embeddable":true,"href":"https:\/\/senoticias.com.br\/se\/wp-json\/wp\/v2\/comments?post=132101"}],"version-history":[{"count":0,"href":"https:\/\/senoticias.com.br\/se\/wp-json\/wp\/v2\/posts\/132101\/revisions"}],"wp:attachment":[{"href":"https:\/\/senoticias.com.br\/se\/wp-json\/wp\/v2\/media?parent=132101"}],"wp:term":[{"taxonomy":"category","embeddable":true,"href":"https:\/\/senoticias.com.br\/se\/wp-json\/wp\/v2\/categories?post=132101"},{"taxonomy":"post_tag","embeddable":true,"href":"https:\/\/senoticias.com.br\/se\/wp-json\/wp\/v2\/tags?post=132101"}],"curies":[{"name":"wp","href":"https:\/\/api.w.org\/{rel}","templated":true}]}}